{"id":23609,"date":"2021-05-09T13:18:39","date_gmt":"2021-05-09T12:18:39","guid":{"rendered":"https:\/\/rna.ao\/rna.ao\/?p=23609"},"modified":"2021-05-10T06:47:58","modified_gmt":"2021-05-10T05:47:58","slug":"estado-de-calamidade-publica-provincia-de-luanda-continua-a-ter-jogos-sem-publico","status":"publish","type":"post","link":"https:\/\/rna.ao\/rna.ao\/2021\/05\/09\/estado-de-calamidade-publica-provincia-de-luanda-continua-a-ter-jogos-sem-publico\/","title":{"rendered":"Situa\u00e7\u00e3o de Calamidade P\u00fablica: Prov\u00edncia de Luanda continua a ter jogos sem p\u00fablico"},"content":{"rendered":"<p><img loading=\"lazy\" class=\"size-full wp-image-22663 alignleft\" src=\"https:\/\/rna.ao\/rna.ao\/wp-content\/uploads\/2021\/04\/Multiuso-do-Kilamba.jpg\" alt=\"\" width=\"288\" height=\"193\" \/>O Ministro de Estado e Chefe da casa Civil do Presidente da Rep\u00fablica, Ad\u00e3o de Almeida, anunciou as novas medidas, face \u00e0 pandemia da Covid-19, dentre elas, a Prov\u00edncia de Luanda vai continuar a ter jogos sem p\u00fablico. Clique no \u00e1udio e ou\u00e7a:<\/p>\n\t<div class=\"qtmplayer-playlist-large\">\n\t\t<ul class=\"qtmplayer-playlist\">\n\t\t\t\n\t\t\t\t\t<li class=\"qtmplayer-trackitem\">\n\t\t<img src=\"https:\/\/rna.ao\/rna.ao\/wp-content\/uploads\/2021\/04\/Multiuso-do-Kilamba-100x100.jpg\" alt=\"cover\">\t\t<span \t\t\tdata-qtmplayer-cover=\"https:\/\/rna.ao\/rna.ao\/wp-content\/uploads\/2021\/04\/Multiuso-do-Kilamba.jpg\"\n\t\t\t\t\t\tdata-qtmplayer-file=\"https:\/\/rna.ao\/rna.ao\/wp-content\/uploads\/2021\/05\/13H30-1-ADAO-DE-ALMEIDA-09-05-21.mp3\"\n\t\t\t\t\t\tdata-qtmplayer-title=\"Situa\u00e7\u00e3o de Calamidade P\u00fablica: Prov\u00edncia de Luanda continua a ter jogos sem p\u00fablico\"\n\t\t\t\t\t\tdata-qtmplayer-artist=\"RNA\"\n\t\t\t\t\t\tdata-qtmplayer-link=\"https:\/\/rna.ao\/rna.ao\/2021\/05\/09\/estado-de-calamidade-publica-provincia-de-luanda-continua-a-ter-jogos-sem-publico\/\"\n\t\t\t\t\t\tdata-qtmplayer-icon=\"file_download\"\n\t\t\t\t\t\tdata-qtmplayer-type=\"track\"\n\t\t\t class=\"qtmplayer-play qtmplayer-link-sec qtmplayer-play-btn\"><i class='material-icons'>play_arrow<\/i><\/span>\n\t\t<p>\n\t\t\t<span class=\"qtmplayer-tit\">Situa\u00e7\u00e3o de Calamidade P\u00fablica: Prov\u00edncia de Luanda continua a ter jogos sem p\u00fablico<\/span>\n\t\t\t<span class=\"qtmplayer-art\">RNA<\/span>\n\t\t<\/p>\n\t<\/li>\n\t\t<\/ul>\n\t<\/div>\t\t\t\n\t\n<p>Fonte: R\u00e1dio 5\/RNA<\/p>\n","protected":false},"excerpt":{"rendered":"<p>O Ministro de Estado e Chefe da casa Civil do Presidente da Rep\u00fablica, Ad\u00e3o de Almeida, anunciou as novas medidas, face \u00e0 pandemia da Covid-19, dentre elas, a Prov\u00edncia de Luanda vai continuar a ter jogos sem p\u00fablico. Clique no \u00e1udio e ou\u00e7a: Fonte: R\u00e1dio 5\/RNA<\/p>\n","protected":false},"author":8,"featured_media":22663,"comment_status":"closed","ping_status":"closed","sticky":false,"template":"","format":"standard","meta":[],"categories":[145,125,164],"tags":[],"_links":{"self":[{"href":"https:\/\/rna.ao\/rna.ao\/wp-json\/wp\/v2\/posts\/23609"}],"collection":[{"href":"https:\/\/rna.ao\/rna.ao\/wp-json\/wp\/v2\/posts"}],"about":[{"href":"https:\/\/rna.ao\/rna.ao\/wp-json\/wp\/v2\/types\/post"}],"author":[{"embeddable":true,"href":"https:\/\/rna.ao\/rna.ao\/wp-json\/wp\/v2\/users\/8"}],"replies":[{"embeddable":true,"href":"https:\/\/rna.ao\/rna.ao\/wp-json\/wp\/v2\/comments?post=23609"}],"version-history":[{"count":2,"href":"https:\/\/rna.ao\/rna.ao\/wp-json\/wp\/v2\/posts\/23609\/revisions"}],"predecessor-version":[{"id":23651,"href":"https:\/\/rna.ao\/rna.ao\/wp-json\/wp\/v2\/posts\/23609\/revisions\/23651"}],"wp:featuredmedia":[{"embeddable":true,"href":"https:\/\/rna.ao\/rna.ao\/wp-json\/wp\/v2\/media\/22663"}],"wp:attachment":[{"href":"https:\/\/rna.ao\/rna.ao\/wp-json\/wp\/v2\/media?parent=23609"}],"wp:term":[{"taxonomy":"category","embeddable":true,"href":"https:\/\/rna.ao\/rna.ao\/wp-json\/wp\/v2\/categories?post=23609"},{"taxonomy":"post_tag","embeddable":true,"href":"https:\/\/rna.ao\/rna.ao\/wp-json\/wp\/v2\/tags?post=23609"}],"curies":[{"name":"wp","href":"https:\/\/api.w.org\/{rel}","templated":true}]}}