{"id":23604,"date":"2021-05-09T13:20:17","date_gmt":"2021-05-09T12:20:17","guid":{"rendered":"https:\/\/rna.ao\/rna.ao\/?p=23604"},"modified":"2021-05-09T14:37:19","modified_gmt":"2021-05-09T13:37:19","slug":"cuando-cubango-e-a-provincia-com-maior-numero-de-autoridades-tradicionais","status":"publish","type":"post","link":"https:\/\/rna.ao\/rna.ao\/2021\/05\/09\/cuando-cubango-e-a-provincia-com-maior-numero-de-autoridades-tradicionais\/","title":{"rendered":"Cuando Cubango \u00e9 a prov\u00edncia com o maior n\u00famero de autoridades tradicionais"},"content":{"rendered":"<p><img loading=\"lazy\" class=\"size-full wp-image-13422 alignleft\" src=\"https:\/\/rna.ao\/rna.ao\/wp-content\/uploads\/2020\/12\/autoridades-tradicionais.jpg\" alt=\"\" width=\"275\" height=\"183\" \/>Mil quatrocentos e oitenta e dois \u00e9 o n\u00famero de autoridades tradicionais existente, na Prov\u00edncia do Cuando Cubango, dos quais cento e dois s\u00e3o mulheres.<\/p>\n<p>Segundo o director da cultura do Cuando Cubango, Afonso Rafael Ndala, a prov\u00edncia \u00e9 a \u00fanica, no pa\u00eds, com este elevado n\u00famero de autoridades tradicionais. Clique no \u00e1udio abaixo, e ou\u00e7a com mais desenvolvimento na reportagem do Aristides Quito:<\/p>\n\t<div class=\"qtmplayer-playlist-large\">\n\t\t<ul class=\"qtmplayer-playlist\">\n\t\t\t\n\t\t\t\t\t<li class=\"qtmplayer-trackitem\">\n\t\t<img src=\"https:\/\/rna.ao\/rna.ao\/wp-content\/uploads\/2020\/12\/autoridades-tradicionais-100x100.jpg\" alt=\"cover\">\t\t<span \t\t\tdata-qtmplayer-cover=\"https:\/\/rna.ao\/rna.ao\/wp-content\/uploads\/2020\/12\/autoridades-tradicionais.jpg\"\n\t\t\t\t\t\tdata-qtmplayer-file=\"https:\/\/rna.ao\/rna.ao\/wp-content\/uploads\/2021\/05\/KUANDO-KUBANGO-AUTORIDADES-TRADICIONAIS-13HRS.mp3\"\n\t\t\t\t\t\tdata-qtmplayer-title=\"Cuando Cubango \u00e9 a prov\u00edncia com o maior n\u00famero de autoridades tradicionais\"\n\t\t\t\t\t\tdata-qtmplayer-artist=\"RNA\"\n\t\t\t\t\t\tdata-qtmplayer-link=\"https:\/\/rna.ao\/rna.ao\/2021\/05\/09\/cuando-cubango-e-a-provincia-com-maior-numero-de-autoridades-tradicionais\/\"\n\t\t\t\t\t\tdata-qtmplayer-icon=\"file_download\"\n\t\t\t\t\t\tdata-qtmplayer-type=\"track\"\n\t\t\t class=\"qtmplayer-play qtmplayer-link-sec qtmplayer-play-btn\"><i class='material-icons'>play_arrow<\/i><\/span>\n\t\t<p>\n\t\t\t<span class=\"qtmplayer-tit\">Cuando Cubango \u00e9 a prov\u00edncia com o maior n\u00famero de autoridades tradicionais<\/span>\n\t\t\t<span class=\"qtmplayer-art\">RNA<\/span>\n\t\t<\/p>\n\t<\/li>\n\t\t<\/ul>\n\t<\/div>\t\t\t\n\t\n<p>Fonte: RNA<\/p>\n","protected":false},"excerpt":{"rendered":"<p>Mil quatrocentos e oitenta e dois \u00e9 o n\u00famero de autoridades tradicionais existente, na Prov\u00edncia do Cuando Cubango, dos quais cento e dois s\u00e3o mulheres. Segundo o director da cultura do Cuando Cubango, Afonso Rafael Ndala, a prov\u00edncia \u00e9 a \u00fanica, no pa\u00eds, com este elevado n\u00famero de autoridades tradicionais. ...<\/p>\n","protected":false},"author":8,"featured_media":13422,"comment_status":"closed","ping_status":"closed","sticky":false,"template":"","format":"standard","meta":[],"categories":[142,121,164,163],"tags":[],"_links":{"self":[{"href":"https:\/\/rna.ao\/rna.ao\/wp-json\/wp\/v2\/posts\/23604"}],"collection":[{"href":"https:\/\/rna.ao\/rna.ao\/wp-json\/wp\/v2\/posts"}],"about":[{"href":"https:\/\/rna.ao\/rna.ao\/wp-json\/wp\/v2\/types\/post"}],"author":[{"embeddable":true,"href":"https:\/\/rna.ao\/rna.ao\/wp-json\/wp\/v2\/users\/8"}],"replies":[{"embeddable":true,"href":"https:\/\/rna.ao\/rna.ao\/wp-json\/wp\/v2\/comments?post=23604"}],"version-history":[{"count":2,"href":"https:\/\/rna.ao\/rna.ao\/wp-json\/wp\/v2\/posts\/23604\/revisions"}],"predecessor-version":[{"id":23607,"href":"https:\/\/rna.ao\/rna.ao\/wp-json\/wp\/v2\/posts\/23604\/revisions\/23607"}],"wp:featuredmedia":[{"embeddable":true,"href":"https:\/\/rna.ao\/rna.ao\/wp-json\/wp\/v2\/media\/13422"}],"wp:attachment":[{"href":"https:\/\/rna.ao\/rna.ao\/wp-json\/wp\/v2\/media?parent=23604"}],"wp:term":[{"taxonomy":"category","embeddable":true,"href":"https:\/\/rna.ao\/rna.ao\/wp-json\/wp\/v2\/categories?post=23604"},{"taxonomy":"post_tag","embeddable":true,"href":"https:\/\/rna.ao\/rna.ao\/wp-json\/wp\/v2\/tags?post=23604"}],"curies":[{"name":"wp","href":"https:\/\/api.w.org\/{rel}","templated":true}]}}