{"id":23578,"date":"2021-05-09T13:22:58","date_gmt":"2021-05-09T12:22:58","guid":{"rendered":"https:\/\/rna.ao\/rna.ao\/?p=23578"},"modified":"2021-05-09T13:22:58","modified_gmt":"2021-05-09T12:22:58","slug":"fazenda-em-malanje-produz-mais-de-sete-mil-suinos","status":"publish","type":"post","link":"https:\/\/rna.ao\/rna.ao\/2021\/05\/09\/fazenda-em-malanje-produz-mais-de-sete-mil-suinos\/","title":{"rendered":"Fazenda em Malanje produz mais de sete mil su\u00ednos"},"content":{"rendered":"<p><img loading=\"lazy\" class=\"size-full wp-image-23582 alignleft\" src=\"https:\/\/rna.ao\/rna.ao\/wp-content\/uploads\/2021\/05\/Suinos-producao.jpg\" alt=\"\" width=\"275\" height=\"183\" \/>Na prov\u00edncia de Malanje a fazenda &#8220;Kwanza \u00c1frica&#8221;, com uma extens\u00e3o de onze mil hectares, est\u00e1 a produzir mais de sete mil su\u00ednos. De acordo com o empres\u00e1rio, Lu\u00eds Castro, a fazenda tornou-se autossustent\u00e1vel, com a produ\u00e7\u00e3o de milho e ra\u00e7\u00e3o, para os seus animais. Clique no \u00e1udio abaixo, e ou\u00e7a toda informa\u00e7\u00e3o com a rep\u00f3rter Eugenia de carvalho:<\/p>\n\t<div class=\"qtmplayer-playlist-large\">\n\t\t<ul class=\"qtmplayer-playlist\">\n\t\t\t\n\t\t\t\t\t<li class=\"qtmplayer-trackitem\">\n\t\t<img src=\"https:\/\/rna.ao\/rna.ao\/wp-content\/uploads\/2021\/05\/Suinos-producao-100x100.jpg\" alt=\"cover\">\t\t<span \t\t\tdata-qtmplayer-cover=\"https:\/\/rna.ao\/rna.ao\/wp-content\/uploads\/2021\/05\/Suinos-producao.jpg\"\n\t\t\t\t\t\tdata-qtmplayer-file=\"https:\/\/rna.ao\/rna.ao\/wp-content\/uploads\/2021\/05\/MALANJE-FAZENDA-KWANZA-AFRICA-13HRS.mp3\"\n\t\t\t\t\t\tdata-qtmplayer-title=\"Fazenda em Malanje produz mais de sete mil su\u00ednos\"\n\t\t\t\t\t\tdata-qtmplayer-artist=\"RNA\"\n\t\t\t\t\t\tdata-qtmplayer-link=\"https:\/\/rna.ao\/rna.ao\/2021\/05\/09\/fazenda-em-malanje-produz-mais-de-sete-mil-suinos\/\"\n\t\t\t\t\t\tdata-qtmplayer-icon=\"file_download\"\n\t\t\t\t\t\tdata-qtmplayer-type=\"track\"\n\t\t\t class=\"qtmplayer-play qtmplayer-link-sec qtmplayer-play-btn\"><i class='material-icons'>play_arrow<\/i><\/span>\n\t\t<p>\n\t\t\t<span class=\"qtmplayer-tit\">Fazenda em Malanje produz mais de sete mil su\u00ednos<\/span>\n\t\t\t<span class=\"qtmplayer-art\">RNA<\/span>\n\t\t<\/p>\n\t<\/li>\n\t\t<\/ul>\n\t<\/div>\t\t\t\n\t\n<p>Fonte: RNA<\/p>\n","protected":false},"excerpt":{"rendered":"<p>Na prov\u00edncia de Malanje a fazenda &#8220;Kwanza \u00c1frica&#8221;, com uma extens\u00e3o de onze mil hectares, est\u00e1 a produzir mais de sete mil su\u00ednos. De acordo com o empres\u00e1rio, Lu\u00eds Castro, a fazenda tornou-se autossustent\u00e1vel, com a produ\u00e7\u00e3o de milho e ra\u00e7\u00e3o, para os seus animais. Clique no \u00e1udio abaixo, e ...<\/p>\n","protected":false},"author":8,"featured_media":23582,"comment_status":"closed","ping_status":"closed","sticky":false,"template":"","format":"standard","meta":[],"categories":[142,121,163],"tags":[],"_links":{"self":[{"href":"https:\/\/rna.ao\/rna.ao\/wp-json\/wp\/v2\/posts\/23578"}],"collection":[{"href":"https:\/\/rna.ao\/rna.ao\/wp-json\/wp\/v2\/posts"}],"about":[{"href":"https:\/\/rna.ao\/rna.ao\/wp-json\/wp\/v2\/types\/post"}],"author":[{"embeddable":true,"href":"https:\/\/rna.ao\/rna.ao\/wp-json\/wp\/v2\/users\/8"}],"replies":[{"embeddable":true,"href":"https:\/\/rna.ao\/rna.ao\/wp-json\/wp\/v2\/comments?post=23578"}],"version-history":[{"count":1,"href":"https:\/\/rna.ao\/rna.ao\/wp-json\/wp\/v2\/posts\/23578\/revisions"}],"predecessor-version":[{"id":23583,"href":"https:\/\/rna.ao\/rna.ao\/wp-json\/wp\/v2\/posts\/23578\/revisions\/23583"}],"wp:featuredmedia":[{"embeddable":true,"href":"https:\/\/rna.ao\/rna.ao\/wp-json\/wp\/v2\/media\/23582"}],"wp:attachment":[{"href":"https:\/\/rna.ao\/rna.ao\/wp-json\/wp\/v2\/media?parent=23578"}],"wp:term":[{"taxonomy":"category","embeddable":true,"href":"https:\/\/rna.ao\/rna.ao\/wp-json\/wp\/v2\/categories?post=23578"},{"taxonomy":"post_tag","embeddable":true,"href":"https:\/\/rna.ao\/rna.ao\/wp-json\/wp\/v2\/tags?post=23578"}],"curies":[{"name":"wp","href":"https:\/\/api.w.org\/{rel}","templated":true}]}}