{"id":23576,"date":"2021-05-09T13:31:03","date_gmt":"2021-05-09T12:31:03","guid":{"rendered":"https:\/\/rna.ao\/rna.ao\/?p=23576"},"modified":"2021-05-09T14:48:43","modified_gmt":"2021-05-09T13:48:43","slug":"degradacao-das-estradas-continuam-a-preocupar-autoridades-da-lunda-sul","status":"publish","type":"post","link":"https:\/\/rna.ao\/rna.ao\/2021\/05\/09\/degradacao-das-estradas-continuam-a-preocupar-autoridades-da-lunda-sul\/","title":{"rendered":"Degrada\u00e7\u00e3o das estradas continuam a preocupar autoridades da Lunda-Sul"},"content":{"rendered":"<p><img loading=\"lazy\" class=\"size-full wp-image-23585 alignleft\" src=\"https:\/\/rna.ao\/rna.ao\/wp-content\/uploads\/2021\/05\/Estrada-degradada.jpg\" alt=\"\" width=\"283\" height=\"197\" \/>Na prov\u00edncia da Lunda-Sul a degrada\u00e7\u00e3o das estradas continuam a preocupar as popula\u00e7\u00f5es locais, com maior \u00eanfase para a Estrada Nacional 180, no tro\u00e7o Saurimo\/Dala. Os deputados residentes visitaram uma parte do tro\u00e7o, que estava a ser intervencionado por uma construtora, e est\u00e1 paralisado por falta de pagamento. Clique, no \u00e1udio abaixo, e ou\u00e7a\u00a0 com mais desenvolvimento na reportagem de Hort\u00eansio Michel:<\/p>\n\t<div class=\"qtmplayer-playlist-large\">\n\t\t<ul class=\"qtmplayer-playlist\">\n\t\t\t\n\t\t\t\t\t<li class=\"qtmplayer-trackitem\">\n\t\t<img src=\"https:\/\/rna.ao\/rna.ao\/wp-content\/uploads\/2021\/05\/Estrada-degradada-100x100.jpg\" alt=\"cover\">\t\t<span \t\t\tdata-qtmplayer-cover=\"https:\/\/rna.ao\/rna.ao\/wp-content\/uploads\/2021\/05\/Estrada-degradada.jpg\"\n\t\t\t\t\t\tdata-qtmplayer-file=\"https:\/\/rna.ao\/rna.ao\/wp-content\/uploads\/2021\/05\/LUNDA-SUL-ESTRADA-13HRS.mp3\"\n\t\t\t\t\t\tdata-qtmplayer-title=\"Degrada\u00e7\u00e3o das estradas continuam a preocupar autoridades da Lunda-Sul\"\n\t\t\t\t\t\tdata-qtmplayer-artist=\"RNA\"\n\t\t\t\t\t\tdata-qtmplayer-link=\"https:\/\/rna.ao\/rna.ao\/2021\/05\/09\/degradacao-das-estradas-continuam-a-preocupar-autoridades-da-lunda-sul\/\"\n\t\t\t\t\t\tdata-qtmplayer-icon=\"file_download\"\n\t\t\t\t\t\tdata-qtmplayer-type=\"track\"\n\t\t\t class=\"qtmplayer-play qtmplayer-link-sec qtmplayer-play-btn\"><i class='material-icons'>play_arrow<\/i><\/span>\n\t\t<p>\n\t\t\t<span class=\"qtmplayer-tit\">Degrada\u00e7\u00e3o das estradas continuam a preocupar autoridades da Lunda-Sul<\/span>\n\t\t\t<span class=\"qtmplayer-art\">RNA<\/span>\n\t\t<\/p>\n\t<\/li>\n\t\t<\/ul>\n\t<\/div>\t\t\t\n\t\n<p>E os camionistas continuam a reclamar do tempo que fazem, para transportar produtos de uma localidade para outra, por causa do mau estado das estradas. Clique no \u00e1udio e ou\u00e7a:<\/p>\n\t<div class=\"qtmplayer-playlist-large\">\n\t\t<ul class=\"qtmplayer-playlist\">\n\t\t\t\n\t\t\t\t\t<li class=\"qtmplayer-trackitem\">\n\t\t<img src=\"https:\/\/rna.ao\/rna.ao\/wp-content\/uploads\/2021\/05\/Estrada-degradada-100x100.jpg\" alt=\"cover\">\t\t<span \t\t\tdata-qtmplayer-cover=\"https:\/\/rna.ao\/rna.ao\/wp-content\/uploads\/2021\/05\/Estrada-degradada.jpg\"\n\t\t\t\t\t\tdata-qtmplayer-file=\"https:\/\/rna.ao\/rna.ao\/wp-content\/uploads\/2021\/05\/LUNDA-SUL-CAMIONISTAS-FALAM-DA-ESTRADA-NACIONAL-13HRS.mp3\"\n\t\t\t\t\t\tdata-qtmplayer-title=\"Degrada\u00e7\u00e3o das estradas continuam a preocupar autoridades da Lunda-Sul\"\n\t\t\t\t\t\tdata-qtmplayer-artist=\"RNA\"\n\t\t\t\t\t\tdata-qtmplayer-link=\"https:\/\/rna.ao\/rna.ao\/2021\/05\/09\/degradacao-das-estradas-continuam-a-preocupar-autoridades-da-lunda-sul\/\"\n\t\t\t\t\t\tdata-qtmplayer-icon=\"file_download\"\n\t\t\t\t\t\tdata-qtmplayer-type=\"track\"\n\t\t\t class=\"qtmplayer-play qtmplayer-link-sec qtmplayer-play-btn\"><i class='material-icons'>play_arrow<\/i><\/span>\n\t\t<p>\n\t\t\t<span class=\"qtmplayer-tit\">Degrada\u00e7\u00e3o das estradas continuam a preocupar autoridades da Lunda-Sul<\/span>\n\t\t\t<span class=\"qtmplayer-art\">RNA<\/span>\n\t\t<\/p>\n\t<\/li>\n\t\t<\/ul>\n\t<\/div>\t\t\t\n\t\n<p>Fonte: RNA<\/p>\n","protected":false},"excerpt":{"rendered":"<p>Na prov\u00edncia da Lunda-Sul a degrada\u00e7\u00e3o das estradas continuam a preocupar as popula\u00e7\u00f5es locais, com maior \u00eanfase para a Estrada Nacional 180, no tro\u00e7o Saurimo\/Dala. Os deputados residentes visitaram uma parte do tro\u00e7o, que estava a ser intervencionado por uma construtora, e est\u00e1 paralisado por falta de pagamento. Clique, no ...<\/p>\n","protected":false},"author":8,"featured_media":23585,"comment_status":"closed","ping_status":"closed","sticky":false,"template":"","format":"standard","meta":[],"categories":[142,121,163],"tags":[],"_links":{"self":[{"href":"https:\/\/rna.ao\/rna.ao\/wp-json\/wp\/v2\/posts\/23576"}],"collection":[{"href":"https:\/\/rna.ao\/rna.ao\/wp-json\/wp\/v2\/posts"}],"about":[{"href":"https:\/\/rna.ao\/rna.ao\/wp-json\/wp\/v2\/types\/post"}],"author":[{"embeddable":true,"href":"https:\/\/rna.ao\/rna.ao\/wp-json\/wp\/v2\/users\/8"}],"replies":[{"embeddable":true,"href":"https:\/\/rna.ao\/rna.ao\/wp-json\/wp\/v2\/comments?post=23576"}],"version-history":[{"count":4,"href":"https:\/\/rna.ao\/rna.ao\/wp-json\/wp\/v2\/posts\/23576\/revisions"}],"predecessor-version":[{"id":23617,"href":"https:\/\/rna.ao\/rna.ao\/wp-json\/wp\/v2\/posts\/23576\/revisions\/23617"}],"wp:featuredmedia":[{"embeddable":true,"href":"https:\/\/rna.ao\/rna.ao\/wp-json\/wp\/v2\/media\/23585"}],"wp:attachment":[{"href":"https:\/\/rna.ao\/rna.ao\/wp-json\/wp\/v2\/media?parent=23576"}],"wp:term":[{"taxonomy":"category","embeddable":true,"href":"https:\/\/rna.ao\/rna.ao\/wp-json\/wp\/v2\/categories?post=23576"},{"taxonomy":"post_tag","embeddable":true,"href":"https:\/\/rna.ao\/rna.ao\/wp-json\/wp\/v2\/tags?post=23576"}],"curies":[{"name":"wp","href":"https:\/\/api.w.org\/{rel}","templated":true}]}}