{"id":23479,"date":"2021-05-07T13:12:53","date_gmt":"2021-05-07T12:12:53","guid":{"rendered":"https:\/\/rna.ao\/rna.ao\/?p=23479"},"modified":"2021-05-07T13:12:53","modified_gmt":"2021-05-07T12:12:53","slug":"bancada-parlamentar-do-mpla-propoe-florbela-araujo-para-assumir-provedoria-de-justica-de-angola","status":"publish","type":"post","link":"https:\/\/rna.ao\/rna.ao\/2021\/05\/07\/bancada-parlamentar-do-mpla-propoe-florbela-araujo-para-assumir-provedoria-de-justica-de-angola\/","title":{"rendered":"Bancada parlamentar do MPLA prop\u00f5e Florbela Ara\u00fajo para assumir Provedoria de Justi\u00e7a de Angola"},"content":{"rendered":"<p><img loading=\"lazy\" class=\"size-full wp-image-23482 alignleft\" src=\"https:\/\/rna.ao\/rna.ao\/wp-content\/uploads\/2021\/05\/Florbela-Araujo.jpg\" alt=\"\" width=\"270\" height=\"170\" \/>Florbela Ara\u00fajo e Aguinaldo Crist\u00f3v\u00e3o est\u00e3o perfilados para substituir Carlos ferreira Pinto, do cargo de\u00a0 Provedor e provedor de Justi\u00e7a adjunto. Esta \u00e9 uma proposta do Grupo Parlamentar do MPLA, que foi apreciada esta sexta-feira, 7 de Maio, pelas Comiss\u00f5es de Trabalho Especializadas da Assembleia Nacional, numa altura que a oposi\u00e7\u00e3o pede explica\u00e7\u00f5es dos motivos que levaram Carlos Ferreira Pinto a renunciar ao cargo. Clique, no \u00e1udio abaixo, e ou\u00e7a com mais desenvolvimento na reportagem do Ant\u00f3nio Chocolate:<\/p>\n\t<div class=\"qtmplayer-playlist-large\">\n\t\t<ul class=\"qtmplayer-playlist\">\n\t\t\t\n\t\t\t\t\t<li class=\"qtmplayer-trackitem\">\n\t\t<img src=\"https:\/\/rna.ao\/rna.ao\/wp-content\/uploads\/2021\/05\/Florbela-Araujo-100x100.jpg\" alt=\"cover\">\t\t<span \t\t\tdata-qtmplayer-cover=\"https:\/\/rna.ao\/rna.ao\/wp-content\/uploads\/2021\/05\/Florbela-Araujo.jpg\"\n\t\t\t\t\t\tdata-qtmplayer-file=\"https:\/\/rna.ao\/rna.ao\/wp-content\/uploads\/2021\/05\/ANTONIO-CHOCOLATE-A-N-13HRS.mp3\"\n\t\t\t\t\t\tdata-qtmplayer-title=\"Bancada parlamentar do MPLA prop\u00f5e Florbela Ara\u00fajo para assumir Provedoria de Justi\u00e7a de Angola\"\n\t\t\t\t\t\tdata-qtmplayer-artist=\"RNA\"\n\t\t\t\t\t\tdata-qtmplayer-link=\"https:\/\/rna.ao\/rna.ao\/2021\/05\/07\/bancada-parlamentar-do-mpla-propoe-florbela-araujo-para-assumir-provedoria-de-justica-de-angola\/\"\n\t\t\t\t\t\tdata-qtmplayer-icon=\"file_download\"\n\t\t\t\t\t\tdata-qtmplayer-type=\"track\"\n\t\t\t class=\"qtmplayer-play qtmplayer-link-sec qtmplayer-play-btn\"><i class='material-icons'>play_arrow<\/i><\/span>\n\t\t<p>\n\t\t\t<span class=\"qtmplayer-tit\">Bancada parlamentar do MPLA prop\u00f5e Florbela Ara\u00fajo para assumir Provedoria de Justi\u00e7a de Angola<\/span>\n\t\t\t<span class=\"qtmplayer-art\">RNA<\/span>\n\t\t<\/p>\n\t<\/li>\n\t\t<\/ul>\n\t<\/div>\t\t\t\n\t\n<p>Fonte: RNA<\/p>\n","protected":false},"excerpt":{"rendered":"<p>Florbela Ara\u00fajo e Aguinaldo Crist\u00f3v\u00e3o est\u00e3o perfilados para substituir Carlos ferreira Pinto, do cargo de\u00a0 Provedor e provedor de Justi\u00e7a adjunto. Esta \u00e9 uma proposta do Grupo Parlamentar do MPLA, que foi apreciada esta sexta-feira, 7 de Maio, pelas Comiss\u00f5es de Trabalho Especializadas da Assembleia Nacional, numa altura que a ...<\/p>\n","protected":false},"author":8,"featured_media":23482,"comment_status":"closed","ping_status":"closed","sticky":false,"template":"","format":"standard","meta":[],"categories":[142,121,163],"tags":[],"_links":{"self":[{"href":"https:\/\/rna.ao\/rna.ao\/wp-json\/wp\/v2\/posts\/23479"}],"collection":[{"href":"https:\/\/rna.ao\/rna.ao\/wp-json\/wp\/v2\/posts"}],"about":[{"href":"https:\/\/rna.ao\/rna.ao\/wp-json\/wp\/v2\/types\/post"}],"author":[{"embeddable":true,"href":"https:\/\/rna.ao\/rna.ao\/wp-json\/wp\/v2\/users\/8"}],"replies":[{"embeddable":true,"href":"https:\/\/rna.ao\/rna.ao\/wp-json\/wp\/v2\/comments?post=23479"}],"version-history":[{"count":1,"href":"https:\/\/rna.ao\/rna.ao\/wp-json\/wp\/v2\/posts\/23479\/revisions"}],"predecessor-version":[{"id":23483,"href":"https:\/\/rna.ao\/rna.ao\/wp-json\/wp\/v2\/posts\/23479\/revisions\/23483"}],"wp:featuredmedia":[{"embeddable":true,"href":"https:\/\/rna.ao\/rna.ao\/wp-json\/wp\/v2\/media\/23482"}],"wp:attachment":[{"href":"https:\/\/rna.ao\/rna.ao\/wp-json\/wp\/v2\/media?parent=23479"}],"wp:term":[{"taxonomy":"category","embeddable":true,"href":"https:\/\/rna.ao\/rna.ao\/wp-json\/wp\/v2\/categories?post=23479"},{"taxonomy":"post_tag","embeddable":true,"href":"https:\/\/rna.ao\/rna.ao\/wp-json\/wp\/v2\/tags?post=23479"}],"curies":[{"name":"wp","href":"https:\/\/api.w.org\/{rel}","templated":true}]}}