{"id":23467,"date":"2021-05-07T09:13:22","date_gmt":"2021-05-07T08:13:22","guid":{"rendered":"https:\/\/rna.ao\/rna.ao\/?p=23467"},"modified":"2021-05-07T09:13:22","modified_gmt":"2021-05-07T08:13:22","slug":"mokonzi-ya-ekolo-joao-lourenco-ayambaki-na-masolo-abel-karin-deby-itno-motindami-ya-mokambi-ya-mbura-matari-ya-mbongwana-ya-ekolo-tchad","status":"publish","type":"post","link":"https:\/\/rna.ao\/rna.ao\/2021\/05\/07\/mokonzi-ya-ekolo-joao-lourenco-ayambaki-na-masolo-abel-karin-deby-itno-motindami-ya-mokambi-ya-mbura-matari-ya-mbongwana-ya-ekolo-tchad\/","title":{"rendered":"Mokonzi ya ekolo Jo\u00e3o Louren\u00e7o, ayambaki na masolo Abel Karin Deby Itno, motindami ya mokambi ya mbura matari ya mbongwana ya ekolo Tchad"},"content":{"rendered":"<p><img loading=\"lazy\" class=\"size-full wp-image-23391 alignleft\" src=\"https:\/\/rna.ao\/rna.ao\/wp-content\/uploads\/2021\/05\/PR-JLO.jpg\" alt=\"\" width=\"292\" height=\"195\" \/>Abel Karin Deby Itno ayebaki kopesa mokanda na masolo epayi ya mokonzi Jo\u00e3o Louren\u00e7o oyo wapi mokambi ya mbura matari ya mbongwana ya ekolo Tchad atindaki epayi ya Jo\u00e3o Louren\u00e7o, komona ete tata mokonzi ya ekolo Angola yende azali pe mokambi ya lisanga na bikolo na bitima minene to grand lac.<\/p>\n<p>Abel Karin Deby Itno akoyeba kotambola na bikolo ebele ya mokili na afrika<\/p>\n<p>Fina nase oyoka masolo manso<\/p>\n\t<div class=\"qtmplayer-playlist-large\">\n\t\t<ul class=\"qtmplayer-playlist\">\n\t\t\t\n\t\t\t\t\t<li class=\"qtmplayer-trackitem\">\n\t\t<img src=\"https:\/\/rna.ao\/rna.ao\/wp-content\/uploads\/2021\/05\/PR-JLO-100x100.jpg\" alt=\"cover\">\t\t<span \t\t\tdata-qtmplayer-cover=\"https:\/\/rna.ao\/rna.ao\/wp-content\/uploads\/2021\/05\/PR-JLO.jpg\"\n\t\t\t\t\t\tdata-qtmplayer-file=\"https:\/\/rna.ao\/rna.ao\/wp-content\/uploads\/2021\/05\/AUDIO-1-07-05-2021.mp3\"\n\t\t\t\t\t\tdata-qtmplayer-title=\"Mokonzi ya ekolo Jo\u00e3o Louren\u00e7o, ayambaki na masolo Abel Karin Deby Itno, motindami ya mokambi ya mbura matari ya mbongwana ya ekolo Tchad\"\n\t\t\t\t\t\tdata-qtmplayer-artist=\"RNA\"\n\t\t\t\t\t\tdata-qtmplayer-link=\"https:\/\/rna.ao\/rna.ao\/2021\/05\/07\/mokonzi-ya-ekolo-joao-lourenco-ayambaki-na-masolo-abel-karin-deby-itno-motindami-ya-mokambi-ya-mbura-matari-ya-mbongwana-ya-ekolo-tchad\/\"\n\t\t\t\t\t\tdata-qtmplayer-icon=\"file_download\"\n\t\t\t\t\t\tdata-qtmplayer-type=\"track\"\n\t\t\t class=\"qtmplayer-play qtmplayer-link-sec qtmplayer-play-btn\"><i class='material-icons'>play_arrow<\/i><\/span>\n\t\t<p>\n\t\t\t<span class=\"qtmplayer-tit\">Mokonzi ya ekolo Jo\u00e3o Louren\u00e7o, ayambaki na masolo Abel Karin Deby Itno, motindami ya mokambi ya mbura matari ya mbongwana ya ekolo Tchad<\/span>\n\t\t\t<span class=\"qtmplayer-art\">RNA<\/span>\n\t\t<\/p>\n\t<\/li>\n\t\t<\/ul>\n\t<\/div>\t\t\t\n\t\n<p>Liziba ya sango: RNA\/Canal Internacional-Jornalista Kiala Mavembo<\/p>\n<p>&nbsp;<\/p>\n","protected":false},"excerpt":{"rendered":"<p>Abel Karin Deby Itno ayebaki kopesa mokanda na masolo epayi ya mokonzi Jo\u00e3o Louren\u00e7o oyo wapi mokambi ya mbura matari ya mbongwana ya ekolo Tchad atindaki epayi ya Jo\u00e3o Louren\u00e7o, komona ete tata mokonzi ya ekolo Angola yende azali pe mokambi ya lisanga na bikolo na bitima minene to grand ...<\/p>\n","protected":false},"author":8,"featured_media":23391,"comment_status":"closed","ping_status":"closed","sticky":false,"template":"","format":"standard","meta":[],"categories":[143,137],"tags":[],"_links":{"self":[{"href":"https:\/\/rna.ao\/rna.ao\/wp-json\/wp\/v2\/posts\/23467"}],"collection":[{"href":"https:\/\/rna.ao\/rna.ao\/wp-json\/wp\/v2\/posts"}],"about":[{"href":"https:\/\/rna.ao\/rna.ao\/wp-json\/wp\/v2\/types\/post"}],"author":[{"embeddable":true,"href":"https:\/\/rna.ao\/rna.ao\/wp-json\/wp\/v2\/users\/8"}],"replies":[{"embeddable":true,"href":"https:\/\/rna.ao\/rna.ao\/wp-json\/wp\/v2\/comments?post=23467"}],"version-history":[{"count":1,"href":"https:\/\/rna.ao\/rna.ao\/wp-json\/wp\/v2\/posts\/23467\/revisions"}],"predecessor-version":[{"id":23469,"href":"https:\/\/rna.ao\/rna.ao\/wp-json\/wp\/v2\/posts\/23467\/revisions\/23469"}],"wp:featuredmedia":[{"embeddable":true,"href":"https:\/\/rna.ao\/rna.ao\/wp-json\/wp\/v2\/media\/23391"}],"wp:attachment":[{"href":"https:\/\/rna.ao\/rna.ao\/wp-json\/wp\/v2\/media?parent=23467"}],"wp:term":[{"taxonomy":"category","embeddable":true,"href":"https:\/\/rna.ao\/rna.ao\/wp-json\/wp\/v2\/categories?post=23467"},{"taxonomy":"post_tag","embeddable":true,"href":"https:\/\/rna.ao\/rna.ao\/wp-json\/wp\/v2\/tags?post=23467"}],"curies":[{"name":"wp","href":"https:\/\/api.w.org\/{rel}","templated":true}]}}