{"id":23432,"date":"2021-05-07T07:35:21","date_gmt":"2021-05-07T06:35:21","guid":{"rendered":"https:\/\/rna.ao\/rna.ao\/?p=23432"},"modified":"2021-05-09T14:38:02","modified_gmt":"2021-05-09T13:38:02","slug":"disseminacao-da-nova-variante-da-covid-19-no-pais-preocupa-ministerio-da-saude","status":"publish","type":"post","link":"https:\/\/rna.ao\/rna.ao\/2021\/05\/07\/disseminacao-da-nova-variante-da-covid-19-no-pais-preocupa-ministerio-da-saude\/","title":{"rendered":"Dissemina\u00e7\u00e3o da nova variante da Covid-19 no pa\u00eds preocupa Minist\u00e9rio da Sa\u00fade"},"content":{"rendered":"<p><img loading=\"lazy\" class=\"size-full wp-image-23441 alignleft\" src=\"https:\/\/rna.ao\/rna.ao\/wp-content\/uploads\/2021\/05\/Franco-Mufinda.jpg\" alt=\"\" width=\"288\" height=\"192\" \/>Angola atingiu um novo record de casos da Covid-19, com o boletim epidemiol\u00f3gico a notificar na quinta-feira, 6 de Maio, 392 novos casos, dos quais 320 na Prov\u00edncia de Luanda.<\/p>\n<p>Segundo ainda o boletim, foi registada a morte de quatro pessoas e a recupera\u00e7\u00e3o de onze doentes. Diante deste quadro, o Secret\u00e1rio de Estado para a Sa\u00fade P\u00fablica, Franco Mufinda, reitera o apelo \u00e0 popula\u00e7\u00e3o, a cumprir as medidas de preven\u00e7\u00e3o contra a doen\u00e7a. Franco Mufinda acrescenta, que h\u00e1 circula\u00e7\u00e3o de novas variantes pelo pa\u00eds. Clique no \u00e1udio e ou\u00e7a:<\/p>\n\t<div class=\"qtmplayer-playlist-large\">\n\t\t<ul class=\"qtmplayer-playlist\">\n\t\t\t\n\t\t\t\t\t<li class=\"qtmplayer-trackitem\">\n\t\t<img src=\"https:\/\/rna.ao\/rna.ao\/wp-content\/uploads\/2021\/05\/Franco-Mufinda-100x100.jpg\" alt=\"cover\">\t\t<span \t\t\tdata-qtmplayer-cover=\"https:\/\/rna.ao\/rna.ao\/wp-content\/uploads\/2021\/05\/Franco-Mufinda.jpg\"\n\t\t\t\t\t\tdata-qtmplayer-file=\"https:\/\/rna.ao\/rna.ao\/wp-content\/uploads\/2021\/05\/FRANCO-MUFINDA-07-HRS.mp3\"\n\t\t\t\t\t\tdata-qtmplayer-title=\"Dissemina\u00e7\u00e3o da nova variante da Covid-19 no pa\u00eds preocupa Minist\u00e9rio da Sa\u00fade\"\n\t\t\t\t\t\tdata-qtmplayer-artist=\"RNA\"\n\t\t\t\t\t\tdata-qtmplayer-link=\"https:\/\/rna.ao\/rna.ao\/2021\/05\/07\/disseminacao-da-nova-variante-da-covid-19-no-pais-preocupa-ministerio-da-saude\/\"\n\t\t\t\t\t\tdata-qtmplayer-icon=\"file_download\"\n\t\t\t\t\t\tdata-qtmplayer-type=\"track\"\n\t\t\t class=\"qtmplayer-play qtmplayer-link-sec qtmplayer-play-btn\"><i class='material-icons'>play_arrow<\/i><\/span>\n\t\t<p>\n\t\t\t<span class=\"qtmplayer-tit\">Dissemina\u00e7\u00e3o da nova variante da Covid-19 no pa\u00eds preocupa Minist\u00e9rio da Sa\u00fade<\/span>\n\t\t\t<span class=\"qtmplayer-art\">RNA<\/span>\n\t\t<\/p>\n\t<\/li>\n\t\t<\/ul>\n\t<\/div>\t\t\t\n\t\n<p>J\u00e1 o m\u00e9dico, Jeremias Agostinho, em fun\u00e7\u00e3o desta subida, refor\u00e7a o apelo \u00e0 popula\u00e7\u00e3o, para adoptar comportamentos de cidadania, na gest\u00e3o e corte da transmiss\u00e3o da Covid-19. jeremias Agostinho afirma n\u00e3o ser necess\u00e1rio, por enquanto, se declarar um novo Estado de Emerg\u00eancia, face ao aumento de novos casos, mas acredita num refor\u00e7o das medidas \u00e0 capital do pa\u00eds. Clique no \u00e1udio e ou\u00e7a:<\/p>\n\t<div class=\"qtmplayer-playlist-large\">\n\t\t<ul class=\"qtmplayer-playlist\">\n\t\t\t\n\t\t\t\t\t<li class=\"qtmplayer-trackitem\">\n\t\t<img src=\"https:\/\/rna.ao\/rna.ao\/wp-content\/uploads\/2021\/05\/Franco-Mufinda-100x100.jpg\" alt=\"cover\">\t\t<span \t\t\tdata-qtmplayer-cover=\"https:\/\/rna.ao\/rna.ao\/wp-content\/uploads\/2021\/05\/Franco-Mufinda.jpg\"\n\t\t\t\t\t\tdata-qtmplayer-file=\"https:\/\/rna.ao\/rna.ao\/wp-content\/uploads\/2021\/05\/JEREMIAS-AGOSTINHO-07-HRS.mp3\"\n\t\t\t\t\t\tdata-qtmplayer-title=\"Dissemina\u00e7\u00e3o da nova variante da Covid-19 no pa\u00eds preocupa Minist\u00e9rio da Sa\u00fade\"\n\t\t\t\t\t\tdata-qtmplayer-artist=\"RNA\"\n\t\t\t\t\t\tdata-qtmplayer-link=\"https:\/\/rna.ao\/rna.ao\/2021\/05\/07\/disseminacao-da-nova-variante-da-covid-19-no-pais-preocupa-ministerio-da-saude\/\"\n\t\t\t\t\t\tdata-qtmplayer-icon=\"file_download\"\n\t\t\t\t\t\tdata-qtmplayer-type=\"track\"\n\t\t\t class=\"qtmplayer-play qtmplayer-link-sec qtmplayer-play-btn\"><i class='material-icons'>play_arrow<\/i><\/span>\n\t\t<p>\n\t\t\t<span class=\"qtmplayer-tit\">Dissemina\u00e7\u00e3o da nova variante da Covid-19 no pa\u00eds preocupa Minist\u00e9rio da Sa\u00fade<\/span>\n\t\t\t<span class=\"qtmplayer-art\">RNA<\/span>\n\t\t<\/p>\n\t<\/li>\n\t\t<\/ul>\n\t<\/div>\t\t\t\n\t\n<p>Fonte: RNA<\/p>\n","protected":false},"excerpt":{"rendered":"<p>Angola atingiu um novo record de casos da Covid-19, com o boletim epidemiol\u00f3gico a notificar na quinta-feira, 6 de Maio, 392 novos casos, dos quais 320 na Prov\u00edncia de Luanda. Segundo ainda o boletim, foi registada a morte de quatro pessoas e a recupera\u00e7\u00e3o de onze doentes. Diante deste quadro, ...<\/p>\n","protected":false},"author":8,"featured_media":23441,"comment_status":"closed","ping_status":"closed","sticky":false,"template":"","format":"standard","meta":[],"categories":[142,121,163],"tags":[],"_links":{"self":[{"href":"https:\/\/rna.ao\/rna.ao\/wp-json\/wp\/v2\/posts\/23432"}],"collection":[{"href":"https:\/\/rna.ao\/rna.ao\/wp-json\/wp\/v2\/posts"}],"about":[{"href":"https:\/\/rna.ao\/rna.ao\/wp-json\/wp\/v2\/types\/post"}],"author":[{"embeddable":true,"href":"https:\/\/rna.ao\/rna.ao\/wp-json\/wp\/v2\/users\/8"}],"replies":[{"embeddable":true,"href":"https:\/\/rna.ao\/rna.ao\/wp-json\/wp\/v2\/comments?post=23432"}],"version-history":[{"count":3,"href":"https:\/\/rna.ao\/rna.ao\/wp-json\/wp\/v2\/posts\/23432\/revisions"}],"predecessor-version":[{"id":23464,"href":"https:\/\/rna.ao\/rna.ao\/wp-json\/wp\/v2\/posts\/23432\/revisions\/23464"}],"wp:featuredmedia":[{"embeddable":true,"href":"https:\/\/rna.ao\/rna.ao\/wp-json\/wp\/v2\/media\/23441"}],"wp:attachment":[{"href":"https:\/\/rna.ao\/rna.ao\/wp-json\/wp\/v2\/media?parent=23432"}],"wp:term":[{"taxonomy":"category","embeddable":true,"href":"https:\/\/rna.ao\/rna.ao\/wp-json\/wp\/v2\/categories?post=23432"},{"taxonomy":"post_tag","embeddable":true,"href":"https:\/\/rna.ao\/rna.ao\/wp-json\/wp\/v2\/tags?post=23432"}],"curies":[{"name":"wp","href":"https:\/\/api.w.org\/{rel}","templated":true}]}}