{"id":23431,"date":"2021-05-07T08:07:17","date_gmt":"2021-05-07T07:07:17","guid":{"rendered":"https:\/\/rna.ao\/rna.ao\/?p=23431"},"modified":"2021-05-07T08:42:18","modified_gmt":"2021-05-07T07:42:18","slug":"crise-no-pdp-ana-podera-conhecer-solucao-pacifica-e-ainda-este-ano-realizarem-o-congresso","status":"publish","type":"post","link":"https:\/\/rna.ao\/rna.ao\/2021\/05\/07\/crise-no-pdp-ana-podera-conhecer-solucao-pacifica-e-ainda-este-ano-realizarem-o-congresso\/","title":{"rendered":"Crise no PDP &#8211; ANA poder\u00e1 conhecer solu\u00e7\u00e3o pac\u00edfica e ainda este ano realizarem o Congresso"},"content":{"rendered":"<p><img loading=\"lazy\" class=\"size-full wp-image-23394 alignleft\" src=\"https:\/\/rna.ao\/rna.ao\/wp-content\/uploads\/2021\/05\/Manuel-fernandes-CASA-CE.jpg\" alt=\"\" width=\"308\" height=\"205\" \/>A crise interna no PDP &#8211; ANA poder\u00e1 conhecer solu\u00e7\u00e3o pac\u00edfica, nos pr\u00f3ximos tempos. A informa\u00e7\u00e3o foi prestada quinta-feira, 6 de Maio, por Manuel Fernandes, rec\u00e9m indicado presidente da CASA-CE, coliga\u00e7\u00e3o partid\u00e1ria onde o PDP &#8211; ANA est\u00e1 inserido.<\/p>\n<p>Ao falar \u00e0 imprensa depois de ser empossado como membro do Conselho da Rep\u00fablica, Manuel Fernandes adiantou que est\u00e1 a mediar o conflito, inclusive o PDP &#8211; ANA poder\u00e1 realizar o seu congresso ainda este ano. Clique no \u00e1udio e ou\u00e7a:<\/p>\n\t<div class=\"qtmplayer-playlist-large\">\n\t\t<ul class=\"qtmplayer-playlist\">\n\t\t\t\n\t\t\t\t\t<li class=\"qtmplayer-trackitem\">\n\t\t<img src=\"https:\/\/rna.ao\/rna.ao\/wp-content\/uploads\/2021\/05\/Manuel-fernandes-CASA-CE-100x100.jpg\" alt=\"cover\">\t\t<span \t\t\tdata-qtmplayer-cover=\"https:\/\/rna.ao\/rna.ao\/wp-content\/uploads\/2021\/05\/Manuel-fernandes-CASA-CE.jpg\"\n\t\t\t\t\t\tdata-qtmplayer-file=\"https:\/\/rna.ao\/rna.ao\/wp-content\/uploads\/2021\/05\/MANUEL-FERNANDES-PDP-ANA-06-HRS.mp3\"\n\t\t\t\t\t\tdata-qtmplayer-title=\"Crise no PDP &#8211; ANA poder\u00e1 conhecer solu\u00e7\u00e3o pac\u00edfica e ainda este ano realizarem o Congresso\"\n\t\t\t\t\t\tdata-qtmplayer-artist=\"RNA\"\n\t\t\t\t\t\tdata-qtmplayer-link=\"https:\/\/rna.ao\/rna.ao\/2021\/05\/07\/crise-no-pdp-ana-podera-conhecer-solucao-pacifica-e-ainda-este-ano-realizarem-o-congresso\/\"\n\t\t\t\t\t\tdata-qtmplayer-icon=\"file_download\"\n\t\t\t\t\t\tdata-qtmplayer-type=\"track\"\n\t\t\t class=\"qtmplayer-play qtmplayer-link-sec qtmplayer-play-btn\"><i class='material-icons'>play_arrow<\/i><\/span>\n\t\t<p>\n\t\t\t<span class=\"qtmplayer-tit\">Crise no PDP &#8211; ANA poder\u00e1 conhecer solu\u00e7\u00e3o pac\u00edfica e ainda este ano realizarem o Congresso<\/span>\n\t\t\t<span class=\"qtmplayer-art\">RNA<\/span>\n\t\t<\/p>\n\t<\/li>\n\t\t<\/ul>\n\t<\/div>\t\t\t\n\t\n<p>Fonte: RNA<\/p>\n","protected":false},"excerpt":{"rendered":"<p>A crise interna no PDP &#8211; ANA poder\u00e1 conhecer solu\u00e7\u00e3o pac\u00edfica, nos pr\u00f3ximos tempos. A informa\u00e7\u00e3o foi prestada quinta-feira, 6 de Maio, por Manuel Fernandes, rec\u00e9m indicado presidente da CASA-CE, coliga\u00e7\u00e3o partid\u00e1ria onde o PDP &#8211; ANA est\u00e1 inserido. Ao falar \u00e0 imprensa depois de ser empossado como membro do ...<\/p>\n","protected":false},"author":8,"featured_media":23394,"comment_status":"closed","ping_status":"closed","sticky":false,"template":"","format":"standard","meta":[],"categories":[142,121,163],"tags":[],"_links":{"self":[{"href":"https:\/\/rna.ao\/rna.ao\/wp-json\/wp\/v2\/posts\/23431"}],"collection":[{"href":"https:\/\/rna.ao\/rna.ao\/wp-json\/wp\/v2\/posts"}],"about":[{"href":"https:\/\/rna.ao\/rna.ao\/wp-json\/wp\/v2\/types\/post"}],"author":[{"embeddable":true,"href":"https:\/\/rna.ao\/rna.ao\/wp-json\/wp\/v2\/users\/8"}],"replies":[{"embeddable":true,"href":"https:\/\/rna.ao\/rna.ao\/wp-json\/wp\/v2\/comments?post=23431"}],"version-history":[{"count":2,"href":"https:\/\/rna.ao\/rna.ao\/wp-json\/wp\/v2\/posts\/23431\/revisions"}],"predecessor-version":[{"id":23461,"href":"https:\/\/rna.ao\/rna.ao\/wp-json\/wp\/v2\/posts\/23431\/revisions\/23461"}],"wp:featuredmedia":[{"embeddable":true,"href":"https:\/\/rna.ao\/rna.ao\/wp-json\/wp\/v2\/media\/23394"}],"wp:attachment":[{"href":"https:\/\/rna.ao\/rna.ao\/wp-json\/wp\/v2\/media?parent=23431"}],"wp:term":[{"taxonomy":"category","embeddable":true,"href":"https:\/\/rna.ao\/rna.ao\/wp-json\/wp\/v2\/categories?post=23431"},{"taxonomy":"post_tag","embeddable":true,"href":"https:\/\/rna.ao\/rna.ao\/wp-json\/wp\/v2\/tags?post=23431"}],"curies":[{"name":"wp","href":"https:\/\/api.w.org\/{rel}","templated":true}]}}