{"id":23335,"date":"2021-05-06T09:33:12","date_gmt":"2021-05-06T08:33:12","guid":{"rendered":"https:\/\/rna.ao\/rna.ao\/?p=23335"},"modified":"2021-05-06T09:47:38","modified_gmt":"2021-05-06T08:47:38","slug":"angola-e-o-pais-mais-francofono-da-cplp-em-africa","status":"publish","type":"post","link":"https:\/\/rna.ao\/rna.ao\/2021\/05\/06\/angola-e-o-pais-mais-francofono-da-cplp-em-africa\/","title":{"rendered":"Angola \u00e9 o pa\u00eds dos PALOP com mais franc\u00f3fonos"},"content":{"rendered":"<p><img loading=\"lazy\" class=\"wp-image-23336 alignleft\" src=\"https:\/\/rna.ao\/rna.ao\/wp-content\/uploads\/2021\/05\/Aliance-Francaise.jpg\" alt=\"\" width=\"307\" height=\"230\" \/>A directora da Alliance Francesa angolana, assegurou que o nosso pa\u00eds a n\u00edvel dos pa\u00edses de l\u00edngua oficial portuguesa CPLP, \u00e9 o que tem mais falantes do Franc\u00eas. Florence Doasse Bon\u00e9, disse ainda ser de extrema import\u00e2ncia o ensino da l\u00edngua francesa em Angola, tendo em conta a partilha de fronteiras com pa\u00edses de l\u00ednguas oficiais Francesa e Inglesa.<\/p>\n\t<div class=\"qtmplayer-playlist-large\">\n\t\t<ul class=\"qtmplayer-playlist\">\n\t\t\t\n\t\t\t\t\t<li class=\"qtmplayer-trackitem\">\n\t\t<img src=\"https:\/\/rna.ao\/rna.ao\/wp-content\/uploads\/2021\/05\/maxresdefault-100x100.jpg\" alt=\"cover\">\t\t<span \t\t\tdata-qtmplayer-cover=\"https:\/\/rna.ao\/rna.ao\/wp-content\/uploads\/2021\/05\/maxresdefault-370x370.jpg\"\n\t\t\t\t\t\tdata-qtmplayer-file=\"https:\/\/rna.ao\/rna.ao\/wp-content\/uploads\/2021\/05\/PECA-DAVI-TSHIBANDA-ALLIANCE-FRANCESA-05.05.2021.mp3\"\n\t\t\t\t\t\tdata-qtmplayer-title=\"Angola \u00e9 o pa\u00eds dos PALOP com mais franc\u00f3fonos\"\n\t\t\t\t\t\tdata-qtmplayer-artist=\"RNA\"\n\t\t\t\t\t\tdata-qtmplayer-link=\"https:\/\/rna.ao\/rna.ao\/2021\/05\/06\/angola-e-o-pais-mais-francofono-da-cplp-em-africa\/\"\n\t\t\t\t\t\tdata-qtmplayer-icon=\"file_download\"\n\t\t\t\t\t\tdata-qtmplayer-type=\"track\"\n\t\t\t class=\"qtmplayer-play qtmplayer-link-sec qtmplayer-play-btn\"><i class='material-icons'>play_arrow<\/i><\/span>\n\t\t<p>\n\t\t\t<span class=\"qtmplayer-tit\">Angola \u00e9 o pa\u00eds dos PALOP com mais franc\u00f3fonos<\/span>\n\t\t\t<span class=\"qtmplayer-art\">RNA<\/span>\n\t\t<\/p>\n\t<\/li>\n\t\t<\/ul>\n\t<\/div>\t\t\t\n\t\n","protected":false},"excerpt":{"rendered":"<p>A directora da Alliance Francesa angolana, assegurou que o nosso pa\u00eds a n\u00edvel dos pa\u00edses de l\u00edngua oficial portuguesa CPLP, \u00e9 o que tem mais falantes do Franc\u00eas. Florence Doasse Bon\u00e9, disse ainda ser de extrema import\u00e2ncia o ensino da l\u00edngua francesa em Angola, tendo em conta a partilha de ...<\/p>\n","protected":false},"author":8,"featured_media":23337,"comment_status":"closed","ping_status":"closed","sticky":false,"template":"","format":"standard","meta":[],"categories":[143,137],"tags":[],"_links":{"self":[{"href":"https:\/\/rna.ao\/rna.ao\/wp-json\/wp\/v2\/posts\/23335"}],"collection":[{"href":"https:\/\/rna.ao\/rna.ao\/wp-json\/wp\/v2\/posts"}],"about":[{"href":"https:\/\/rna.ao\/rna.ao\/wp-json\/wp\/v2\/types\/post"}],"author":[{"embeddable":true,"href":"https:\/\/rna.ao\/rna.ao\/wp-json\/wp\/v2\/users\/8"}],"replies":[{"embeddable":true,"href":"https:\/\/rna.ao\/rna.ao\/wp-json\/wp\/v2\/comments?post=23335"}],"version-history":[{"count":3,"href":"https:\/\/rna.ao\/rna.ao\/wp-json\/wp\/v2\/posts\/23335\/revisions"}],"predecessor-version":[{"id":23342,"href":"https:\/\/rna.ao\/rna.ao\/wp-json\/wp\/v2\/posts\/23335\/revisions\/23342"}],"wp:featuredmedia":[{"embeddable":true,"href":"https:\/\/rna.ao\/rna.ao\/wp-json\/wp\/v2\/media\/23337"}],"wp:attachment":[{"href":"https:\/\/rna.ao\/rna.ao\/wp-json\/wp\/v2\/media?parent=23335"}],"wp:term":[{"taxonomy":"category","embeddable":true,"href":"https:\/\/rna.ao\/rna.ao\/wp-json\/wp\/v2\/categories?post=23335"},{"taxonomy":"post_tag","embeddable":true,"href":"https:\/\/rna.ao\/rna.ao\/wp-json\/wp\/v2\/tags?post=23335"}],"curies":[{"name":"wp","href":"https:\/\/api.w.org\/{rel}","templated":true}]}}