{"id":23156,"date":"2021-05-05T08:10:08","date_gmt":"2021-05-05T07:10:08","guid":{"rendered":"https:\/\/rna.ao\/rna.ao\/?p=23156"},"modified":"2021-05-05T15:44:13","modified_gmt":"2021-05-05T14:44:13","slug":"vice-pr-prestigia-lancamento-livro-50-aves-de-angola-raridade-e-endemismo","status":"publish","type":"post","link":"https:\/\/rna.ao\/rna.ao\/2021\/05\/05\/vice-pr-prestigia-lancamento-livro-50-aves-de-angola-raridade-e-endemismo\/","title":{"rendered":"Vice-PR prestigia lan\u00e7amento do livro &#8220;50 Aves de Angola &#8211; Raridade e Endemismo&#8221;"},"content":{"rendered":"<p><img loading=\"lazy\" class=\"size-full wp-image-23160 alignleft\" src=\"https:\/\/rna.ao\/rna.ao\/wp-content\/uploads\/2021\/05\/Vice-PR-livro.jpg\" alt=\"\" width=\"297\" height=\"217\" \/>O Vice-Presidente da Rep\u00fablica, Bornito de Sousa, participou na cerim\u00f3nia de lan\u00e7amento do livro &#8220;50 Aves de Angola &#8211; Raridade e Endemismo&#8221;, que decorreu no Arquivo Nacional de Angola, em Luanda.<\/p>\n<p>Publicado sob chancela da Hol\u00edstico-Servi\u00e7o, estudos e consultoria, em parceria com a Funda\u00e7\u00e3o Kissama, o livro foi prefaciado pelo Vice-Presidente da Rep\u00fablica, Bornito de Sousa, que considera a obra de &#8220;profundo recorte cient\u00edfico e investigativo&#8221;.<\/p>\n<p>Bornito de Sousa diz que o livro junta o esteticamente belo, nas ilustra\u00e7\u00f5es de um colorido natural \u00fanico, ao resultado de um trabalho de explora\u00e7\u00e3o ornitol\u00f3gica, cujos prim\u00f3rdios remontam ao s\u00e9culo dezanove. Clique no \u00e1udio e ou\u00e7a:<\/p>\n\t<div class=\"qtmplayer-playlist-large\">\n\t\t<ul class=\"qtmplayer-playlist\">\n\t\t\t\n\t\t\t\t\t<li class=\"qtmplayer-trackitem\">\n\t\t<img src=\"https:\/\/rna.ao\/rna.ao\/wp-content\/uploads\/2021\/05\/Vice-PR-livro-100x100.jpg\" alt=\"cover\">\t\t<span \t\t\tdata-qtmplayer-cover=\"https:\/\/rna.ao\/rna.ao\/wp-content\/uploads\/2021\/05\/Vice-PR-livro.jpg\"\n\t\t\t\t\t\tdata-qtmplayer-file=\"https:\/\/rna.ao\/rna.ao\/wp-content\/uploads\/2021\/05\/BORNITO-DE-SOUSA-1.mp3\"\n\t\t\t\t\t\tdata-qtmplayer-title=\"Vice-PR prestigia lan\u00e7amento do livro &#8220;50 Aves de Angola &#8211; Raridade e Endemismo&#8221;\"\n\t\t\t\t\t\tdata-qtmplayer-artist=\"RNA\"\n\t\t\t\t\t\tdata-qtmplayer-link=\"https:\/\/rna.ao\/rna.ao\/2021\/05\/05\/vice-pr-prestigia-lancamento-livro-50-aves-de-angola-raridade-e-endemismo\/\"\n\t\t\t\t\t\tdata-qtmplayer-icon=\"file_download\"\n\t\t\t\t\t\tdata-qtmplayer-type=\"track\"\n\t\t\t class=\"qtmplayer-play qtmplayer-link-sec qtmplayer-play-btn\"><i class='material-icons'>play_arrow<\/i><\/span>\n\t\t<p>\n\t\t\t<span class=\"qtmplayer-tit\">Vice-PR prestigia lan\u00e7amento do livro &#8220;50 Aves de Angola &#8211; Raridade e Endemismo&#8221;<\/span>\n\t\t\t<span class=\"qtmplayer-art\">RNA<\/span>\n\t\t<\/p>\n\t<\/li>\n\t\t<\/ul>\n\t<\/div>\t\t\t\n\t\n<p>O Vice-Presidente da Rep\u00fablica, Bornito de Sousa, acredita que o &#8220;50 Aves de Angola &#8211; Raridade e Endemismo&#8221;, tem tudo para fazer diplomacia, no que a fauna e natureza diz respeito. Clique no \u00e1udio e ou\u00e7a:<\/p>\n\t<div class=\"qtmplayer-playlist-large\">\n\t\t<ul class=\"qtmplayer-playlist\">\n\t\t\t\n\t\t\t\t\t<li class=\"qtmplayer-trackitem\">\n\t\t<img src=\"https:\/\/rna.ao\/rna.ao\/wp-content\/uploads\/2021\/05\/Vice-PR-livro-100x100.jpg\" alt=\"cover\">\t\t<span \t\t\tdata-qtmplayer-cover=\"https:\/\/rna.ao\/rna.ao\/wp-content\/uploads\/2021\/05\/Vice-PR-livro.jpg\"\n\t\t\t\t\t\tdata-qtmplayer-file=\"https:\/\/rna.ao\/rna.ao\/wp-content\/uploads\/2021\/05\/BORNITO-DE-SOUSA-2.mp3\"\n\t\t\t\t\t\tdata-qtmplayer-title=\"Vice-PR prestigia lan\u00e7amento do livro &#8220;50 Aves de Angola &#8211; Raridade e Endemismo&#8221;\"\n\t\t\t\t\t\tdata-qtmplayer-artist=\"RNA\"\n\t\t\t\t\t\tdata-qtmplayer-link=\"https:\/\/rna.ao\/rna.ao\/2021\/05\/05\/vice-pr-prestigia-lancamento-livro-50-aves-de-angola-raridade-e-endemismo\/\"\n\t\t\t\t\t\tdata-qtmplayer-icon=\"file_download\"\n\t\t\t\t\t\tdata-qtmplayer-type=\"track\"\n\t\t\t class=\"qtmplayer-play qtmplayer-link-sec qtmplayer-play-btn\"><i class='material-icons'>play_arrow<\/i><\/span>\n\t\t<p>\n\t\t\t<span class=\"qtmplayer-tit\">Vice-PR prestigia lan\u00e7amento do livro &#8220;50 Aves de Angola &#8211; Raridade e Endemismo&#8221;<\/span>\n\t\t\t<span class=\"qtmplayer-art\">RNA<\/span>\n\t\t<\/p>\n\t<\/li>\n\t\t<\/ul>\n\t<\/div>\t\t\t\n\t\n<p>Bornito de Sousa sublinha tamb\u00e9m, que o livro ora lan\u00e7ado \u00e9, \u00e0 partida, um desafio para o Governo elaborar pol\u00edticas p\u00fablicas de protec\u00e7\u00e3o das aves raras, em Angola. Clique no \u00e1udio e ou\u00e7a:<\/p>\n\t<div class=\"qtmplayer-playlist-large\">\n\t\t<ul class=\"qtmplayer-playlist\">\n\t\t\t\n\t\t\t\t\t<li class=\"qtmplayer-trackitem\">\n\t\t<img src=\"https:\/\/rna.ao\/rna.ao\/wp-content\/uploads\/2021\/05\/Vice-PR-livro-100x100.jpg\" alt=\"cover\">\t\t<span \t\t\tdata-qtmplayer-cover=\"https:\/\/rna.ao\/rna.ao\/wp-content\/uploads\/2021\/05\/Vice-PR-livro.jpg\"\n\t\t\t\t\t\tdata-qtmplayer-file=\"https:\/\/rna.ao\/rna.ao\/wp-content\/uploads\/2021\/05\/BORNITO-DE-SOUSA-3.mp3\"\n\t\t\t\t\t\tdata-qtmplayer-title=\"Vice-PR prestigia lan\u00e7amento do livro &#8220;50 Aves de Angola &#8211; Raridade e Endemismo&#8221;\"\n\t\t\t\t\t\tdata-qtmplayer-artist=\"RNA\"\n\t\t\t\t\t\tdata-qtmplayer-link=\"https:\/\/rna.ao\/rna.ao\/2021\/05\/05\/vice-pr-prestigia-lancamento-livro-50-aves-de-angola-raridade-e-endemismo\/\"\n\t\t\t\t\t\tdata-qtmplayer-icon=\"file_download\"\n\t\t\t\t\t\tdata-qtmplayer-type=\"track\"\n\t\t\t class=\"qtmplayer-play qtmplayer-link-sec qtmplayer-play-btn\"><i class='material-icons'>play_arrow<\/i><\/span>\n\t\t<p>\n\t\t\t<span class=\"qtmplayer-tit\">Vice-PR prestigia lan\u00e7amento do livro &#8220;50 Aves de Angola &#8211; Raridade e Endemismo&#8221;<\/span>\n\t\t\t<span class=\"qtmplayer-art\">RNA<\/span>\n\t\t<\/p>\n\t<\/li>\n\t\t<\/ul>\n\t<\/div>\t\t\t\n\t\n<p>Fonte: RNA<\/p>\n<p><img loading=\"lazy\" class=\"size-full wp-image-23161 aligncenter\" src=\"https:\/\/rna.ao\/rna.ao\/wp-content\/uploads\/2021\/05\/Livro-50-Aves-de-Angola-Raridade-e-Endeemismo.jpg\" alt=\"\" width=\"320\" height=\"179\" \/><\/p>\n","protected":false},"excerpt":{"rendered":"<p>O Vice-Presidente da Rep\u00fablica, Bornito de Sousa, participou na cerim\u00f3nia de lan\u00e7amento do livro &#8220;50 Aves de Angola &#8211; Raridade e Endemismo&#8221;, que decorreu no Arquivo Nacional de Angola, em Luanda. Publicado sob chancela da Hol\u00edstico-Servi\u00e7o, estudos e consultoria, em parceria com a Funda\u00e7\u00e3o Kissama, o livro foi prefaciado pelo ...<\/p>\n","protected":false},"author":8,"featured_media":23160,"comment_status":"closed","ping_status":"closed","sticky":false,"template":"","format":"standard","meta":[],"categories":[142,121,164,163],"tags":[],"_links":{"self":[{"href":"https:\/\/rna.ao\/rna.ao\/wp-json\/wp\/v2\/posts\/23156"}],"collection":[{"href":"https:\/\/rna.ao\/rna.ao\/wp-json\/wp\/v2\/posts"}],"about":[{"href":"https:\/\/rna.ao\/rna.ao\/wp-json\/wp\/v2\/types\/post"}],"author":[{"embeddable":true,"href":"https:\/\/rna.ao\/rna.ao\/wp-json\/wp\/v2\/users\/8"}],"replies":[{"embeddable":true,"href":"https:\/\/rna.ao\/rna.ao\/wp-json\/wp\/v2\/comments?post=23156"}],"version-history":[{"count":4,"href":"https:\/\/rna.ao\/rna.ao\/wp-json\/wp\/v2\/posts\/23156\/revisions"}],"predecessor-version":[{"id":23171,"href":"https:\/\/rna.ao\/rna.ao\/wp-json\/wp\/v2\/posts\/23156\/revisions\/23171"}],"wp:featuredmedia":[{"embeddable":true,"href":"https:\/\/rna.ao\/rna.ao\/wp-json\/wp\/v2\/media\/23160"}],"wp:attachment":[{"href":"https:\/\/rna.ao\/rna.ao\/wp-json\/wp\/v2\/media?parent=23156"}],"wp:term":[{"taxonomy":"category","embeddable":true,"href":"https:\/\/rna.ao\/rna.ao\/wp-json\/wp\/v2\/categories?post=23156"},{"taxonomy":"post_tag","embeddable":true,"href":"https:\/\/rna.ao\/rna.ao\/wp-json\/wp\/v2\/tags?post=23156"}],"curies":[{"name":"wp","href":"https:\/\/api.w.org\/{rel}","templated":true}]}}