{"id":230415,"date":"2026-09-06T19:06:23","date_gmt":"2026-09-06T18:06:23","guid":{"rendered":"https:\/\/rna.ao\/rna.ao\/?p=230415"},"modified":"2026-09-06T19:06:23","modified_gmt":"2026-09-06T18:06:23","slug":"presidente-da-republica-manifesta-pesar-por-acidente-que-causou-25-mortos-em-cabo-verde","status":"publish","type":"post","link":"https:\/\/rna.ao\/rna.ao\/2026\/09\/06\/presidente-da-republica-manifesta-pesar-por-acidente-que-causou-25-mortos-em-cabo-verde\/","title":{"rendered":"Presidente da Rep\u00fablica manifesta pesar por acidente que causou 25 mortos em Cabo Verde"},"content":{"rendered":"<p><img loading=\"lazy\" class=\"alignnone size-full wp-image-230417\" src=\"https:\/\/rna.ao\/rna.ao\/wp-content\/uploads\/2026\/09\/IMG_9026.jpeg\" alt=\"\" width=\"668\" height=\"430\" \/><\/p>\n<p>O Presidente da Rep\u00fablica, Jo\u00e3o Louren\u00e7o, manifestou pesar pelo tr\u00e1gico acidente que provocou a morte de 25 pessoas, maioritariamente crian\u00e7as, em Cabo Verde.<\/p>\n<p>Numa mensagem dirigida ao Presidente cabo-verdiano, Jos\u00e9 Maria Neves, o Chefe de Estado angolano apresentou, em nome do Executivo e no seu pr\u00f3prio, condol\u00eancias ao Governo e ao povo de Cabo Verde.<\/p>\n<p>Jo\u00e3o Louren\u00e7o manifestou igualmente solidariedade \u00e0s fam\u00edlias das v\u00edtimas e \u00e0 sociedade cabo-verdiana, neste momento de dor e luto.<\/p>\n<p>Na mensagem, o Chefe de Estado \u00a0angolano transmitiu sentimentos de amizade e solidariedade ao hom\u00f3logo cabo-verdiano e ao povo daquele pa\u00eds.<\/p>\n","protected":false},"excerpt":{"rendered":"<p>O Presidente da Rep\u00fablica, Jo\u00e3o Louren\u00e7o, manifestou pesar pelo tr\u00e1gico acidente que provocou a morte de 25 pessoas, maioritariamente crian\u00e7as, em Cabo Verde. Numa mensagem dirigida ao Presidente cabo-verdiano, Jos\u00e9 Maria Neves, o Chefe de Estado angolano apresentou, em nome do Executivo e no seu pr\u00f3prio, condol\u00eancias ao Governo e ...<\/p>\n","protected":false},"author":9,"featured_media":230417,"comment_status":"closed","ping_status":"closed","sticky":false,"template":"","format":"standard","meta":[],"categories":[142,121,164,163],"tags":[],"_links":{"self":[{"href":"https:\/\/rna.ao\/rna.ao\/wp-json\/wp\/v2\/posts\/230415"}],"collection":[{"href":"https:\/\/rna.ao\/rna.ao\/wp-json\/wp\/v2\/posts"}],"about":[{"href":"https:\/\/rna.ao\/rna.ao\/wp-json\/wp\/v2\/types\/post"}],"author":[{"embeddable":true,"href":"https:\/\/rna.ao\/rna.ao\/wp-json\/wp\/v2\/users\/9"}],"replies":[{"embeddable":true,"href":"https:\/\/rna.ao\/rna.ao\/wp-json\/wp\/v2\/comments?post=230415"}],"version-history":[{"count":1,"href":"https:\/\/rna.ao\/rna.ao\/wp-json\/wp\/v2\/posts\/230415\/revisions"}],"predecessor-version":[{"id":230418,"href":"https:\/\/rna.ao\/rna.ao\/wp-json\/wp\/v2\/posts\/230415\/revisions\/230418"}],"wp:featuredmedia":[{"embeddable":true,"href":"https:\/\/rna.ao\/rna.ao\/wp-json\/wp\/v2\/media\/230417"}],"wp:attachment":[{"href":"https:\/\/rna.ao\/rna.ao\/wp-json\/wp\/v2\/media?parent=230415"}],"wp:term":[{"taxonomy":"category","embeddable":true,"href":"https:\/\/rna.ao\/rna.ao\/wp-json\/wp\/v2\/categories?post=230415"},{"taxonomy":"post_tag","embeddable":true,"href":"https:\/\/rna.ao\/rna.ao\/wp-json\/wp\/v2\/tags?post=230415"}],"curies":[{"name":"wp","href":"https:\/\/api.w.org\/{rel}","templated":true}]}}