{"id":230408,"date":"2026-09-06T12:20:14","date_gmt":"2026-09-06T11:20:14","guid":{"rendered":"https:\/\/rna.ao\/rna.ao\/?p=230408"},"modified":"2026-09-06T12:20:14","modified_gmt":"2026-09-06T11:20:14","slug":"acidente-mata-quatro-candidatos-ao-concurso-publico-da-educacao-quando-regressavam-do-municipio-do-calai-para-menongue","status":"publish","type":"post","link":"https:\/\/rna.ao\/rna.ao\/2026\/09\/06\/acidente-mata-quatro-candidatos-ao-concurso-publico-da-educacao-quando-regressavam-do-municipio-do-calai-para-menongue\/","title":{"rendered":"Acidente mata quatro candidatos ao concurso p\u00fablico da educa\u00e7\u00e3o quando regressavam do munic\u00edpio do Calai para Menongue"},"content":{"rendered":"<p><img loading=\"lazy\" class=\"wp-image-230410 aligncenter\" src=\"https:\/\/rna.ao\/rna.ao\/wp-content\/uploads\/2026\/09\/acidente-cubango-770x587.jpg\" alt=\"\" width=\"411\" height=\"313\" srcset=\"https:\/\/rna.ao\/rna.ao\/wp-content\/uploads\/2026\/09\/acidente-cubango-770x587.jpg 770w, https:\/\/rna.ao\/rna.ao\/wp-content\/uploads\/2026\/09\/acidente-cubango-1170x892.jpg 1170w, https:\/\/rna.ao\/rna.ao\/wp-content\/uploads\/2026\/09\/acidente-cubango-768x586.jpg 768w, https:\/\/rna.ao\/rna.ao\/wp-content\/uploads\/2026\/09\/acidente-cubango.jpg 1260w\" sizes=\"(max-width: 411px) 100vw, 411px\" \/>Um acidente de via\u00e7\u00e3o na estrada nacional 140, prov\u00edncia do Cubango, provocou a morte de quatro pessoas e mais de 24 feridos. O sinistro foi provocado pelo despiste seguido de capotamento de um cami\u00e3o que transportava g\u00e1s e jovens, que se deslocavam ao municipio do Calai, onde iriam realizar exames de acesso ao concurso p\u00fablico. Clique no \u00e1udio abaixo para obter mais informa\u00e7\u00e3o com o jornalista Aristides Kito:<\/p>\n\t<div class=\"qtmplayer-playlist-large\">\n\t\t<ul class=\"qtmplayer-playlist\">\n\t\t\t\n\t\t\t\t\t<li class=\"qtmplayer-trackitem\">\n\t\t<img src=\"https:\/\/rna.ao\/rna.ao\/wp-content\/uploads\/2026\/09\/acidente-cubango-100x100.jpg\" alt=\"cover\">\t\t<span \t\t\tdata-qtmplayer-cover=\"https:\/\/rna.ao\/rna.ao\/wp-content\/uploads\/2026\/09\/acidente-cubango-370x370.jpg\"\n\t\t\t\t\t\tdata-qtmplayer-file=\"https:\/\/rna.ao\/rna.ao\/wp-content\/uploads\/2026\/09\/CUBANGO-ACIDENTE-13-HRS.mp3\"\n\t\t\t\t\t\tdata-qtmplayer-title=\"Acidente mata quatro candidatos ao concurso p\u00fablico da educa\u00e7\u00e3o quando regressavam do munic\u00edpio do Calai para Menongue\"\n\t\t\t\t\t\tdata-qtmplayer-artist=\"Ant\u00f3nio Augusto\"\n\t\t\t\t\t\tdata-qtmplayer-link=\"https:\/\/rna.ao\/rna.ao\/2026\/09\/06\/acidente-mata-quatro-candidatos-ao-concurso-publico-da-educacao-quando-regressavam-do-municipio-do-calai-para-menongue\/\"\n\t\t\t\t\t\tdata-qtmplayer-icon=\"file_download\"\n\t\t\t\t\t\tdata-qtmplayer-type=\"track\"\n\t\t\t class=\"qtmplayer-play qtmplayer-link-sec qtmplayer-play-btn\"><i class='material-icons'>play_arrow<\/i><\/span>\n\t\t<p>\n\t\t\t<span class=\"qtmplayer-tit\">Acidente mata quatro candidatos ao concurso p\u00fablico da educa\u00e7\u00e3o quando regressavam do munic\u00edpio do Calai para Menongue<\/span>\n\t\t\t<span class=\"qtmplayer-art\">Ant\u00f3nio Augusto<\/span>\n\t\t<\/p>\n\t<\/li>\n\t\t<\/ul>\n\t<\/div>\t\t\t\n\t\n","protected":false},"excerpt":{"rendered":"<p>Um acidente de via\u00e7\u00e3o na estrada nacional 140, prov\u00edncia do Cubango, provocou a morte de quatro pessoas e mais de 24 feridos. O sinistro foi provocado pelo despiste seguido de capotamento de um cami\u00e3o que transportava g\u00e1s e jovens, que se deslocavam ao municipio do Calai, onde iriam realizar exames ...<\/p>\n","protected":false},"author":23,"featured_media":230410,"comment_status":"closed","ping_status":"closed","sticky":false,"template":"","format":"standard","meta":[],"categories":[142,121,164,163],"tags":[],"_links":{"self":[{"href":"https:\/\/rna.ao\/rna.ao\/wp-json\/wp\/v2\/posts\/230408"}],"collection":[{"href":"https:\/\/rna.ao\/rna.ao\/wp-json\/wp\/v2\/posts"}],"about":[{"href":"https:\/\/rna.ao\/rna.ao\/wp-json\/wp\/v2\/types\/post"}],"author":[{"embeddable":true,"href":"https:\/\/rna.ao\/rna.ao\/wp-json\/wp\/v2\/users\/23"}],"replies":[{"embeddable":true,"href":"https:\/\/rna.ao\/rna.ao\/wp-json\/wp\/v2\/comments?post=230408"}],"version-history":[{"count":1,"href":"https:\/\/rna.ao\/rna.ao\/wp-json\/wp\/v2\/posts\/230408\/revisions"}],"predecessor-version":[{"id":230411,"href":"https:\/\/rna.ao\/rna.ao\/wp-json\/wp\/v2\/posts\/230408\/revisions\/230411"}],"wp:featuredmedia":[{"embeddable":true,"href":"https:\/\/rna.ao\/rna.ao\/wp-json\/wp\/v2\/media\/230410"}],"wp:attachment":[{"href":"https:\/\/rna.ao\/rna.ao\/wp-json\/wp\/v2\/media?parent=230408"}],"wp:term":[{"taxonomy":"category","embeddable":true,"href":"https:\/\/rna.ao\/rna.ao\/wp-json\/wp\/v2\/categories?post=230408"},{"taxonomy":"post_tag","embeddable":true,"href":"https:\/\/rna.ao\/rna.ao\/wp-json\/wp\/v2\/tags?post=230408"}],"curies":[{"name":"wp","href":"https:\/\/api.w.org\/{rel}","templated":true}]}}