{"id":230403,"date":"2026-09-06T12:06:21","date_gmt":"2026-09-06T11:06:21","guid":{"rendered":"https:\/\/rna.ao\/rna.ao\/?p=230403"},"modified":"2026-09-06T12:06:21","modified_gmt":"2026-09-06T11:06:21","slug":"lideres-e-fieis-cristaos-de-varias-denominacoes-religiosas-politicos-e-governantes-participa-no-culto-de-accao-de-gracas-denominado-unidos-por-angola","status":"publish","type":"post","link":"https:\/\/rna.ao\/rna.ao\/2026\/09\/06\/lideres-e-fieis-cristaos-de-varias-denominacoes-religiosas-politicos-e-governantes-participa-no-culto-de-accao-de-gracas-denominado-unidos-por-angola\/","title":{"rendered":"L\u00edderes e fi\u00e9is crist\u00e3os de v\u00e1rias denomina\u00e7\u00f5es religiosas, pol\u00edticos e governantes participa no culto de ac\u00e7\u00e3o de gra\u00e7as denominado \u201cUnidos por Angola\u201d"},"content":{"rendered":"<p><img loading=\"lazy\" class=\"size-full wp-image-136581 alignleft\" src=\"https:\/\/rna.ao\/rna.ao\/wp-content\/uploads\/2024\/04\/igrejas-culto-cica.jpg\" alt=\"\" width=\"353\" height=\"216\" \/>O Movimento de Apoio Solid\u00e1rio de Angola (MOVANGOLA) realizou, no Instituto B\u00edblico de Angola, em Luanda, um culto de ac\u00e7\u00e3o de gra\u00e7as denominado \u201cUnidos por Angola\u201d. A iniciativa juntou l\u00edderes e fi\u00e9is crist\u00e3os de v\u00e1rias denomina\u00e7\u00f5es religiosas, e contou com a presen\u00e7a de governantes e membros de partidos pol\u00edticos.\u00a0 Clique no \u00e1udio abaixo para obter mais informa\u00e7\u00e3o com o jornalista Ant\u00f3nio Pinto:<\/p>\n\t<div class=\"qtmplayer-playlist-large\">\n\t\t<ul class=\"qtmplayer-playlist\">\n\t\t\t\n\t\t\t\t\t<li class=\"qtmplayer-trackitem\">\n\t\t<img src=\"https:\/\/rna.ao\/rna.ao\/wp-content\/uploads\/2023\/04\/l_culto-igreja-100x100.jpg\" alt=\"cover\">\t\t<span \t\t\tdata-qtmplayer-cover=\"https:\/\/rna.ao\/rna.ao\/wp-content\/uploads\/2023\/04\/l_culto-igreja.jpg\"\n\t\t\t\t\t\tdata-qtmplayer-file=\"https:\/\/rna.ao\/rna.ao\/wp-content\/uploads\/2026\/09\/ANTONIO-PINTO-BOMM-20-HRS.mp3\"\n\t\t\t\t\t\tdata-qtmplayer-title=\"L\u00edderes e fi\u00e9is crist\u00e3os de v\u00e1rias denomina\u00e7\u00f5es religiosas, pol\u00edticos e governantes participa no culto de ac\u00e7\u00e3o de gra\u00e7as denominado \u201cUnidos por Angola\u201d\"\n\t\t\t\t\t\tdata-qtmplayer-artist=\"Ant\u00f3nio Augusto\"\n\t\t\t\t\t\tdata-qtmplayer-link=\"https:\/\/rna.ao\/rna.ao\/2026\/09\/06\/lideres-e-fieis-cristaos-de-varias-denominacoes-religiosas-politicos-e-governantes-participa-no-culto-de-accao-de-gracas-denominado-unidos-por-angola\/\"\n\t\t\t\t\t\tdata-qtmplayer-icon=\"file_download\"\n\t\t\t\t\t\tdata-qtmplayer-type=\"track\"\n\t\t\t class=\"qtmplayer-play qtmplayer-link-sec qtmplayer-play-btn\"><i class='material-icons'>play_arrow<\/i><\/span>\n\t\t<p>\n\t\t\t<span class=\"qtmplayer-tit\">L\u00edderes e fi\u00e9is crist\u00e3os de v\u00e1rias denomina\u00e7\u00f5es religiosas, pol\u00edticos e governantes participa no culto de ac\u00e7\u00e3o de gra\u00e7as denominado \u201cUnidos por Angola\u201d<\/span>\n\t\t\t<span class=\"qtmplayer-art\">Ant\u00f3nio Augusto<\/span>\n\t\t<\/p>\n\t<\/li>\n\t\t<\/ul>\n\t<\/div>\t\t\t\n\t\n","protected":false},"excerpt":{"rendered":"<p>O Movimento de Apoio Solid\u00e1rio de Angola (MOVANGOLA) realizou, no Instituto B\u00edblico de Angola, em Luanda, um culto de ac\u00e7\u00e3o de gra\u00e7as denominado \u201cUnidos por Angola\u201d. A iniciativa juntou l\u00edderes e fi\u00e9is crist\u00e3os de v\u00e1rias denomina\u00e7\u00f5es religiosas, e contou com a presen\u00e7a de governantes e membros de partidos pol\u00edticos.\u00a0 Clique ...<\/p>\n","protected":false},"author":23,"featured_media":98740,"comment_status":"closed","ping_status":"closed","sticky":false,"template":"","format":"standard","meta":[],"categories":[141,133,164],"tags":[],"_links":{"self":[{"href":"https:\/\/rna.ao\/rna.ao\/wp-json\/wp\/v2\/posts\/230403"}],"collection":[{"href":"https:\/\/rna.ao\/rna.ao\/wp-json\/wp\/v2\/posts"}],"about":[{"href":"https:\/\/rna.ao\/rna.ao\/wp-json\/wp\/v2\/types\/post"}],"author":[{"embeddable":true,"href":"https:\/\/rna.ao\/rna.ao\/wp-json\/wp\/v2\/users\/23"}],"replies":[{"embeddable":true,"href":"https:\/\/rna.ao\/rna.ao\/wp-json\/wp\/v2\/comments?post=230403"}],"version-history":[{"count":1,"href":"https:\/\/rna.ao\/rna.ao\/wp-json\/wp\/v2\/posts\/230403\/revisions"}],"predecessor-version":[{"id":230405,"href":"https:\/\/rna.ao\/rna.ao\/wp-json\/wp\/v2\/posts\/230403\/revisions\/230405"}],"wp:featuredmedia":[{"embeddable":true,"href":"https:\/\/rna.ao\/rna.ao\/wp-json\/wp\/v2\/media\/98740"}],"wp:attachment":[{"href":"https:\/\/rna.ao\/rna.ao\/wp-json\/wp\/v2\/media?parent=230403"}],"wp:term":[{"taxonomy":"category","embeddable":true,"href":"https:\/\/rna.ao\/rna.ao\/wp-json\/wp\/v2\/categories?post=230403"},{"taxonomy":"post_tag","embeddable":true,"href":"https:\/\/rna.ao\/rna.ao\/wp-json\/wp\/v2\/tags?post=230403"}],"curies":[{"name":"wp","href":"https:\/\/api.w.org\/{rel}","templated":true}]}}