{"id":230397,"date":"2026-09-06T11:43:17","date_gmt":"2026-09-06T10:43:17","guid":{"rendered":"https:\/\/rna.ao\/rna.ao\/?p=230397"},"modified":"2026-09-06T11:43:17","modified_gmt":"2026-09-06T10:43:17","slug":"populacao-no-cunene-de-maos-arregacadas-para-cultivar-a-terra-apos-a-inauguracao-das-barragens-do-ndue-e-do-calucuve","status":"publish","type":"post","link":"https:\/\/rna.ao\/rna.ao\/2026\/09\/06\/populacao-no-cunene-de-maos-arregacadas-para-cultivar-a-terra-apos-a-inauguracao-das-barragens-do-ndue-e-do-calucuve\/","title":{"rendered":"Popula\u00e7\u00e3o no Cunene de m\u00e3os arrega\u00e7adas para cultivar a terra ap\u00f3s a inaugura\u00e7\u00e3o das barragens do Nd\u00fae e do Calucuve"},"content":{"rendered":"<p><img loading=\"lazy\" class=\"wp-image-230365 aligncenter\" src=\"https:\/\/rna.ao\/rna.ao\/wp-content\/uploads\/2026\/09\/barragem-do-ndue-e-calucuveeb-770x513.jpg\" alt=\"\" width=\"353\" height=\"235\" srcset=\"https:\/\/rna.ao\/rna.ao\/wp-content\/uploads\/2026\/09\/barragem-do-ndue-e-calucuveeb-770x513.jpg 770w, https:\/\/rna.ao\/rna.ao\/wp-content\/uploads\/2026\/09\/barragem-do-ndue-e-calucuveeb-1170x779.jpg 1170w, https:\/\/rna.ao\/rna.ao\/wp-content\/uploads\/2026\/09\/barragem-do-ndue-e-calucuveeb-768x511.jpg 768w, https:\/\/rna.ao\/rna.ao\/wp-content\/uploads\/2026\/09\/barragem-do-ndue-e-calucuveeb.jpg 1280w\" sizes=\"(max-width: 353px) 100vw, 353px\" \/>A popula\u00e7\u00e3o no Cunene manifeste grande satisfa\u00e7\u00e3o com a inaugura\u00e7\u00e3o das Barragens do Nd\u00fae e do Calucuve. .Foram v\u00e1rios anos de pen\u00faria por falta de infraestruturas desta dimens\u00e3o. Clique no \u00e1udio abaixo e saiba mais com o jornalista Fernando Noel:<\/p>\n\t<div class=\"qtmplayer-playlist-large\">\n\t\t<ul class=\"qtmplayer-playlist\">\n\t\t\t\n\t\t\t\t\t<li class=\"qtmplayer-trackitem\">\n\t\t<img src=\"https:\/\/rna.ao\/rna.ao\/wp-content\/uploads\/2026\/09\/populacao-cunenee-100x100.jpg\" alt=\"cover\">\t\t<span \t\t\tdata-qtmplayer-cover=\"https:\/\/rna.ao\/rna.ao\/wp-content\/uploads\/2026\/09\/populacao-cunenee-370x370.jpg\"\n\t\t\t\t\t\tdata-qtmplayer-file=\"https:\/\/rna.ao\/rna.ao\/wp-content\/uploads\/2026\/09\/FERNANDO-NOEL-BARRAGEM-DO-CALUCUVE-20HRS.mp3\"\n\t\t\t\t\t\tdata-qtmplayer-title=\"Popula\u00e7\u00e3o no Cunene de m\u00e3os arrega\u00e7adas para cultivar a terra ap\u00f3s a inaugura\u00e7\u00e3o das barragens do Nd\u00fae e do Calucuve\"\n\t\t\t\t\t\tdata-qtmplayer-artist=\"Ant\u00f3nio Augusto\"\n\t\t\t\t\t\tdata-qtmplayer-link=\"https:\/\/rna.ao\/rna.ao\/2026\/09\/06\/populacao-no-cunene-de-maos-arregacadas-para-cultivar-a-terra-apos-a-inauguracao-das-barragens-do-ndue-e-do-calucuve\/\"\n\t\t\t\t\t\tdata-qtmplayer-icon=\"file_download\"\n\t\t\t\t\t\tdata-qtmplayer-type=\"track\"\n\t\t\t class=\"qtmplayer-play qtmplayer-link-sec qtmplayer-play-btn\"><i class='material-icons'>play_arrow<\/i><\/span>\n\t\t<p>\n\t\t\t<span class=\"qtmplayer-tit\">Popula\u00e7\u00e3o no Cunene de m\u00e3os arrega\u00e7adas para cultivar a terra ap\u00f3s a inaugura\u00e7\u00e3o das barragens do Nd\u00fae e do Calucuve<\/span>\n\t\t\t<span class=\"qtmplayer-art\">Ant\u00f3nio Augusto<\/span>\n\t\t<\/p>\n\t<\/li>\n\t\t<\/ul>\n\t<\/div>\t\t\t\n\t\n","protected":false},"excerpt":{"rendered":"<p>A popula\u00e7\u00e3o no Cunene manifeste grande satisfa\u00e7\u00e3o com a inaugura\u00e7\u00e3o das Barragens do Nd\u00fae e do Calucuve. .Foram v\u00e1rios anos de pen\u00faria por falta de infraestruturas desta dimens\u00e3o. Clique no \u00e1udio abaixo e saiba mais com o jornalista Fernando Noel:<\/p>\n","protected":false},"author":23,"featured_media":230388,"comment_status":"closed","ping_status":"closed","sticky":false,"template":"","format":"standard","meta":[],"categories":[142,121,164,163],"tags":[],"_links":{"self":[{"href":"https:\/\/rna.ao\/rna.ao\/wp-json\/wp\/v2\/posts\/230397"}],"collection":[{"href":"https:\/\/rna.ao\/rna.ao\/wp-json\/wp\/v2\/posts"}],"about":[{"href":"https:\/\/rna.ao\/rna.ao\/wp-json\/wp\/v2\/types\/post"}],"author":[{"embeddable":true,"href":"https:\/\/rna.ao\/rna.ao\/wp-json\/wp\/v2\/users\/23"}],"replies":[{"embeddable":true,"href":"https:\/\/rna.ao\/rna.ao\/wp-json\/wp\/v2\/comments?post=230397"}],"version-history":[{"count":1,"href":"https:\/\/rna.ao\/rna.ao\/wp-json\/wp\/v2\/posts\/230397\/revisions"}],"predecessor-version":[{"id":230399,"href":"https:\/\/rna.ao\/rna.ao\/wp-json\/wp\/v2\/posts\/230397\/revisions\/230399"}],"wp:featuredmedia":[{"embeddable":true,"href":"https:\/\/rna.ao\/rna.ao\/wp-json\/wp\/v2\/media\/230388"}],"wp:attachment":[{"href":"https:\/\/rna.ao\/rna.ao\/wp-json\/wp\/v2\/media?parent=230397"}],"wp:term":[{"taxonomy":"category","embeddable":true,"href":"https:\/\/rna.ao\/rna.ao\/wp-json\/wp\/v2\/categories?post=230397"},{"taxonomy":"post_tag","embeddable":true,"href":"https:\/\/rna.ao\/rna.ao\/wp-json\/wp\/v2\/tags?post=230397"}],"curies":[{"name":"wp","href":"https:\/\/api.w.org\/{rel}","templated":true}]}}