{"id":230394,"date":"2026-09-06T11:33:10","date_gmt":"2026-09-06T10:33:10","guid":{"rendered":"https:\/\/rna.ao\/rna.ao\/?p=230394"},"modified":"2026-09-06T11:33:10","modified_gmt":"2026-09-06T10:33:10","slug":"cunene-cria-bases-para-a-mecanizacao-agricola-e-atraccao-de-novos-investimentos-com-a-entrada-das-barragens-di-ndue-e-calucuve","status":"publish","type":"post","link":"https:\/\/rna.ao\/rna.ao\/2026\/09\/06\/cunene-cria-bases-para-a-mecanizacao-agricola-e-atraccao-de-novos-investimentos-com-a-entrada-das-barragens-di-ndue-e-calucuve\/","title":{"rendered":"Cunene cria bases para a mecaniza\u00e7\u00e3o agr\u00edcola e atrac\u00e7\u00e3o de novos investimentos com a entrada das barragens di Nd\u00fae e Calucuve"},"content":{"rendered":"<p><img loading=\"lazy\" class=\"wp-image-230375 alignleft\" src=\"https:\/\/rna.ao\/rna.ao\/wp-content\/uploads\/2026\/09\/gerdina-didalwa-770x513.jpg\" alt=\"\" width=\"375\" height=\"250\" srcset=\"https:\/\/rna.ao\/rna.ao\/wp-content\/uploads\/2026\/09\/gerdina-didalwa-770x513.jpg 770w, https:\/\/rna.ao\/rna.ao\/wp-content\/uploads\/2026\/09\/gerdina-didalwa-1170x779.jpg 1170w, https:\/\/rna.ao\/rna.ao\/wp-content\/uploads\/2026\/09\/gerdina-didalwa-768x511.jpg 768w, https:\/\/rna.ao\/rna.ao\/wp-content\/uploads\/2026\/09\/gerdina-didalwa.jpg 1280w\" sizes=\"(max-width: 375px) 100vw, 375px\" \/>A Governadora do Cunene, Gerdina Didalelwa, diz estarem lan\u00e7adas as bases para a mecaniza\u00e7\u00e3o agr\u00edcola, redu\u00e7\u00e3o das consequ\u00eancias das altera\u00e7\u00f5es clim\u00e1ticas e transforma\u00e7\u00e3o da regi\u00e3o em polo de atrac\u00e7\u00e3o para o desenvolvimento sustent\u00e1vel.\u00a0Clique no \u00e1udio abaixo e ou\u00e7a:<\/p>\n\t<div class=\"qtmplayer-playlist-large\">\n\t\t<ul class=\"qtmplayer-playlist\">\n\t\t\t\n\t\t\t\t\t<li class=\"qtmplayer-trackitem\">\n\t\t<img src=\"https:\/\/rna.ao\/rna.ao\/wp-content\/uploads\/2026\/09\/barragem-do-ndue-e-calucuveeu-100x100.jpg\" alt=\"cover\">\t\t<span \t\t\tdata-qtmplayer-cover=\"https:\/\/rna.ao\/rna.ao\/wp-content\/uploads\/2026\/09\/barragem-do-ndue-e-calucuveeu-370x370.jpg\"\n\t\t\t\t\t\tdata-qtmplayer-file=\"https:\/\/rna.ao\/rna.ao\/wp-content\/uploads\/2026\/09\/GERDINA-DIDALELUA-20-HRS.mp3\"\n\t\t\t\t\t\tdata-qtmplayer-title=\"Cunene cria bases para a mecaniza\u00e7\u00e3o agr\u00edcola e atrac\u00e7\u00e3o de novos investimentos com a entrada das barragens di Nd\u00fae e Calucuve\"\n\t\t\t\t\t\tdata-qtmplayer-artist=\"Ant\u00f3nio Augusto\"\n\t\t\t\t\t\tdata-qtmplayer-link=\"https:\/\/rna.ao\/rna.ao\/2026\/09\/06\/cunene-cria-bases-para-a-mecanizacao-agricola-e-atraccao-de-novos-investimentos-com-a-entrada-das-barragens-di-ndue-e-calucuve\/\"\n\t\t\t\t\t\tdata-qtmplayer-icon=\"file_download\"\n\t\t\t\t\t\tdata-qtmplayer-type=\"track\"\n\t\t\t class=\"qtmplayer-play qtmplayer-link-sec qtmplayer-play-btn\"><i class='material-icons'>play_arrow<\/i><\/span>\n\t\t<p>\n\t\t\t<span class=\"qtmplayer-tit\">Cunene cria bases para a mecaniza\u00e7\u00e3o agr\u00edcola e atrac\u00e7\u00e3o de novos investimentos com a entrada das barragens di Nd\u00fae e Calucuve<\/span>\n\t\t\t<span class=\"qtmplayer-art\">Ant\u00f3nio Augusto<\/span>\n\t\t<\/p>\n\t<\/li>\n\t\t<\/ul>\n\t<\/div>\t\t\t\n\t\n","protected":false},"excerpt":{"rendered":"<p>A Governadora do Cunene, Gerdina Didalelwa, diz estarem lan\u00e7adas as bases para a mecaniza\u00e7\u00e3o agr\u00edcola, redu\u00e7\u00e3o das consequ\u00eancias das altera\u00e7\u00f5es clim\u00e1ticas e transforma\u00e7\u00e3o da regi\u00e3o em polo de atrac\u00e7\u00e3o para o desenvolvimento sustent\u00e1vel.\u00a0Clique no \u00e1udio abaixo e ou\u00e7a:<\/p>\n","protected":false},"author":23,"featured_media":230370,"comment_status":"closed","ping_status":"closed","sticky":false,"template":"","format":"standard","meta":[],"categories":[142,121,164,163],"tags":[],"_links":{"self":[{"href":"https:\/\/rna.ao\/rna.ao\/wp-json\/wp\/v2\/posts\/230394"}],"collection":[{"href":"https:\/\/rna.ao\/rna.ao\/wp-json\/wp\/v2\/posts"}],"about":[{"href":"https:\/\/rna.ao\/rna.ao\/wp-json\/wp\/v2\/types\/post"}],"author":[{"embeddable":true,"href":"https:\/\/rna.ao\/rna.ao\/wp-json\/wp\/v2\/users\/23"}],"replies":[{"embeddable":true,"href":"https:\/\/rna.ao\/rna.ao\/wp-json\/wp\/v2\/comments?post=230394"}],"version-history":[{"count":1,"href":"https:\/\/rna.ao\/rna.ao\/wp-json\/wp\/v2\/posts\/230394\/revisions"}],"predecessor-version":[{"id":230396,"href":"https:\/\/rna.ao\/rna.ao\/wp-json\/wp\/v2\/posts\/230394\/revisions\/230396"}],"wp:featuredmedia":[{"embeddable":true,"href":"https:\/\/rna.ao\/rna.ao\/wp-json\/wp\/v2\/media\/230370"}],"wp:attachment":[{"href":"https:\/\/rna.ao\/rna.ao\/wp-json\/wp\/v2\/media?parent=230394"}],"wp:term":[{"taxonomy":"category","embeddable":true,"href":"https:\/\/rna.ao\/rna.ao\/wp-json\/wp\/v2\/categories?post=230394"},{"taxonomy":"post_tag","embeddable":true,"href":"https:\/\/rna.ao\/rna.ao\/wp-json\/wp\/v2\/tags?post=230394"}],"curies":[{"name":"wp","href":"https:\/\/api.w.org\/{rel}","templated":true}]}}