{"id":230340,"date":"2026-09-05T18:50:58","date_gmt":"2026-09-05T17:50:58","guid":{"rendered":"https:\/\/rna.ao\/rna.ao\/?p=230340"},"modified":"2026-09-05T18:50:58","modified_gmt":"2026-09-05T17:50:58","slug":"grupo-parlamentar-do-mpla-lamenta-morte-da-deputada-fernanda-filomena-dos-santos","status":"publish","type":"post","link":"https:\/\/rna.ao\/rna.ao\/2026\/09\/05\/grupo-parlamentar-do-mpla-lamenta-morte-da-deputada-fernanda-filomena-dos-santos\/","title":{"rendered":"Grupo Parlamentar do MPLA lamenta morte da deputada Fernanda Filomena dos Santos"},"content":{"rendered":"<p><img loading=\"lazy\" class=\"alignnone size-medium wp-image-230313\" src=\"https:\/\/rna.ao\/rna.ao\/wp-content\/uploads\/2026\/09\/f36dd5c7-4323-4137-b446-426910e3d26a-770x770.jpeg\" alt=\"\" width=\"770\" height=\"770\" srcset=\"https:\/\/rna.ao\/rna.ao\/wp-content\/uploads\/2026\/09\/f36dd5c7-4323-4137-b446-426910e3d26a-770x770.jpeg 770w, https:\/\/rna.ao\/rna.ao\/wp-content\/uploads\/2026\/09\/f36dd5c7-4323-4137-b446-426910e3d26a-150x150.jpeg 150w, https:\/\/rna.ao\/rna.ao\/wp-content\/uploads\/2026\/09\/f36dd5c7-4323-4137-b446-426910e3d26a-768x768.jpeg 768w, https:\/\/rna.ao\/rna.ao\/wp-content\/uploads\/2026\/09\/f36dd5c7-4323-4137-b446-426910e3d26a-100x100.jpeg 100w, https:\/\/rna.ao\/rna.ao\/wp-content\/uploads\/2026\/09\/f36dd5c7-4323-4137-b446-426910e3d26a-370x370.jpeg 370w, https:\/\/rna.ao\/rna.ao\/wp-content\/uploads\/2026\/09\/f36dd5c7-4323-4137-b446-426910e3d26a.jpeg 999w\" sizes=\"(max-width: 770px) 100vw, 770px\" \/><\/p>\n<p>O Grupo Parlamentar do MPLA manifestou pesar pela morte da deputada Fernanda Filomena dos Santos, ocorrida este s\u00e1bado, 5 de Setembro, na cidade do Lubango, v\u00edtima de doen\u00e7a.<\/p>\n<p>Numa mensagem de condol\u00eancias, o grupo parlamentar destaca o percurso da deputada, que era tamb\u00e9m membro do Comit\u00e9 Central do MPLA e integrava a 6.\u00aa Comiss\u00e3o da Assembleia Nacional, ligada \u00e0s \u00e1reas da Sa\u00fade, Educa\u00e7\u00e3o, Ensino Superior, Ci\u00eancias e Tecnologias.<\/p>\n<p>O Grupo Parlamentar do MPLA considera a morte de Fernanda Filomena dos Santos uma grande perda para o partido e para a bancada parlamentar, destacando o seu trabalho e dedica\u00e7\u00e3o.<\/p>\n<p>A mensagem, assinada pela presidente em exerc\u00edcio do Grupo Parlamentar do MPLA, Maricel Marinho do Amaral, endere\u00e7a sentimentos de pesar \u00e0 fam\u00edlia da deputada.<\/p>\n","protected":false},"excerpt":{"rendered":"<p>O Grupo Parlamentar do MPLA manifestou pesar pela morte da deputada Fernanda Filomena dos Santos, ocorrida este s\u00e1bado, 5 de Setembro, na cidade do Lubango, v\u00edtima de doen\u00e7a. Numa mensagem de condol\u00eancias, o grupo parlamentar destaca o percurso da deputada, que era tamb\u00e9m membro do Comit\u00e9 Central do MPLA e ...<\/p>\n","protected":false},"author":9,"featured_media":230313,"comment_status":"closed","ping_status":"closed","sticky":false,"template":"","format":"standard","meta":[],"categories":[142,121,163],"tags":[],"_links":{"self":[{"href":"https:\/\/rna.ao\/rna.ao\/wp-json\/wp\/v2\/posts\/230340"}],"collection":[{"href":"https:\/\/rna.ao\/rna.ao\/wp-json\/wp\/v2\/posts"}],"about":[{"href":"https:\/\/rna.ao\/rna.ao\/wp-json\/wp\/v2\/types\/post"}],"author":[{"embeddable":true,"href":"https:\/\/rna.ao\/rna.ao\/wp-json\/wp\/v2\/users\/9"}],"replies":[{"embeddable":true,"href":"https:\/\/rna.ao\/rna.ao\/wp-json\/wp\/v2\/comments?post=230340"}],"version-history":[{"count":1,"href":"https:\/\/rna.ao\/rna.ao\/wp-json\/wp\/v2\/posts\/230340\/revisions"}],"predecessor-version":[{"id":230341,"href":"https:\/\/rna.ao\/rna.ao\/wp-json\/wp\/v2\/posts\/230340\/revisions\/230341"}],"wp:featuredmedia":[{"embeddable":true,"href":"https:\/\/rna.ao\/rna.ao\/wp-json\/wp\/v2\/media\/230313"}],"wp:attachment":[{"href":"https:\/\/rna.ao\/rna.ao\/wp-json\/wp\/v2\/media?parent=230340"}],"wp:term":[{"taxonomy":"category","embeddable":true,"href":"https:\/\/rna.ao\/rna.ao\/wp-json\/wp\/v2\/categories?post=230340"},{"taxonomy":"post_tag","embeddable":true,"href":"https:\/\/rna.ao\/rna.ao\/wp-json\/wp\/v2\/tags?post=230340"}],"curies":[{"name":"wp","href":"https:\/\/api.w.org\/{rel}","templated":true}]}}