{"id":230327,"date":"2026-09-05T14:25:13","date_gmt":"2026-09-05T13:25:13","guid":{"rendered":"https:\/\/rna.ao\/rna.ao\/?p=230327"},"modified":"2026-09-05T14:25:13","modified_gmt":"2026-09-05T13:25:13","slug":"assembleia-geral-das-nacoes-unidas-aprova-medida-para-a-representacao-correcta-do-mapa","status":"publish","type":"post","link":"https:\/\/rna.ao\/rna.ao\/2026\/09\/05\/assembleia-geral-das-nacoes-unidas-aprova-medida-para-a-representacao-correcta-do-mapa\/","title":{"rendered":"Assembleia-Geral das Na\u00e7\u00f5es Unidas aprova medida para a representa\u00e7\u00e3o correcta do mapa"},"content":{"rendered":"<p><img loading=\"lazy\" class=\"wp-image-107460 aligncenter\" src=\"https:\/\/rna.ao\/rna.ao\/wp-content\/uploads\/2023\/06\/onu-12-770x433.jpg\" alt=\"\" width=\"414\" height=\"233\" srcset=\"https:\/\/rna.ao\/rna.ao\/wp-content\/uploads\/2023\/06\/onu-12-770x433.jpg 770w, https:\/\/rna.ao\/rna.ao\/wp-content\/uploads\/2023\/06\/onu-12-768x432.jpg 768w, https:\/\/rna.ao\/rna.ao\/wp-content\/uploads\/2023\/06\/onu-12.jpg 1110w\" sizes=\"(max-width: 414px) 100vw, 414px\" \/>A Assembleia-Geral das Na\u00e7\u00f5es Unidas aprovou ontem, sexta-feira(04) uma resolu\u00e7\u00e3o, apresentada pelo Togo e apoiada pela Uni\u00e3o Africana, que promove uma representa\u00e7\u00e3o mais precisa nos mapas das \u00e1reas terrestres dos continentes, nomeadamente de \u00c1frica. A resolu\u00e7\u00e3o, intitulada &#8220;Corrigir o Mapa&#8221;, foi aprovada com 164 votos a favor, um contra dos Estados Unidos e seis absten\u00e7\u00f5es da Est\u00f3nia, Ge\u00f3rgia, Litu\u00e2nia, Mold\u00e1via, S\u00e9rvia e Ucr\u00e2nia.<\/p>\n<p>Os defensores da resolu\u00e7\u00e3o\u00a0argumentam que a proje\u00e7\u00e3o de Mercator, desenvolvida no s\u00e9culo XVI pelo cart\u00f3grafo flamengo Gerardus Mercator e usada at\u00e9 hoje, faz com que a \u00c1frica pare\u00e7a muito menor do que realmente \u00e9, ao mesmo tempo que exagera visualmente as regi\u00f5es pr\u00f3ximas aos polos.<\/p>\n","protected":false},"excerpt":{"rendered":"<p>A Assembleia-Geral das Na\u00e7\u00f5es Unidas aprovou ontem, sexta-feira(04) uma resolu\u00e7\u00e3o, apresentada pelo Togo e apoiada pela Uni\u00e3o Africana, que promove uma representa\u00e7\u00e3o mais precisa nos mapas das \u00e1reas terrestres dos continentes, nomeadamente de \u00c1frica. A resolu\u00e7\u00e3o, intitulada &#8220;Corrigir o Mapa&#8221;, foi aprovada com 164 votos a favor, um contra dos ...<\/p>\n","protected":false},"author":23,"featured_media":107460,"comment_status":"closed","ping_status":"closed","sticky":false,"template":"","format":"standard","meta":[],"categories":[143,137],"tags":[],"_links":{"self":[{"href":"https:\/\/rna.ao\/rna.ao\/wp-json\/wp\/v2\/posts\/230327"}],"collection":[{"href":"https:\/\/rna.ao\/rna.ao\/wp-json\/wp\/v2\/posts"}],"about":[{"href":"https:\/\/rna.ao\/rna.ao\/wp-json\/wp\/v2\/types\/post"}],"author":[{"embeddable":true,"href":"https:\/\/rna.ao\/rna.ao\/wp-json\/wp\/v2\/users\/23"}],"replies":[{"embeddable":true,"href":"https:\/\/rna.ao\/rna.ao\/wp-json\/wp\/v2\/comments?post=230327"}],"version-history":[{"count":1,"href":"https:\/\/rna.ao\/rna.ao\/wp-json\/wp\/v2\/posts\/230327\/revisions"}],"predecessor-version":[{"id":230328,"href":"https:\/\/rna.ao\/rna.ao\/wp-json\/wp\/v2\/posts\/230327\/revisions\/230328"}],"wp:featuredmedia":[{"embeddable":true,"href":"https:\/\/rna.ao\/rna.ao\/wp-json\/wp\/v2\/media\/107460"}],"wp:attachment":[{"href":"https:\/\/rna.ao\/rna.ao\/wp-json\/wp\/v2\/media?parent=230327"}],"wp:term":[{"taxonomy":"category","embeddable":true,"href":"https:\/\/rna.ao\/rna.ao\/wp-json\/wp\/v2\/categories?post=230327"},{"taxonomy":"post_tag","embeddable":true,"href":"https:\/\/rna.ao\/rna.ao\/wp-json\/wp\/v2\/tags?post=230327"}],"curies":[{"name":"wp","href":"https:\/\/api.w.org\/{rel}","templated":true}]}}