{"id":230324,"date":"2026-09-05T14:20:28","date_gmt":"2026-09-05T13:20:28","guid":{"rendered":"https:\/\/rna.ao\/rna.ao\/?p=230324"},"modified":"2026-09-05T14:20:28","modified_gmt":"2026-09-05T13:20:28","slug":"cidadao-morre-apos-ser-colhido-pelo-comboio-do-caminho-de-ferro-de-mocamedes-na-matala-huila","status":"publish","type":"post","link":"https:\/\/rna.ao\/rna.ao\/2026\/09\/05\/cidadao-morre-apos-ser-colhido-pelo-comboio-do-caminho-de-ferro-de-mocamedes-na-matala-huila\/","title":{"rendered":"Cidad\u00e3o morre ap\u00f3s ser colhido pelo comboio do Caminho-de-Ferro de Mo\u00e7\u00e2medes na Matala, Hu\u00edla"},"content":{"rendered":"<p><img loading=\"lazy\" class=\"size-full wp-image-138526 aligncenter\" src=\"https:\/\/rna.ao\/rna.ao\/wp-content\/uploads\/2024\/04\/comboio.jpg\" alt=\"\" width=\"372\" height=\"209\" srcset=\"https:\/\/rna.ao\/rna.ao\/wp-content\/uploads\/2024\/04\/comboio.jpg 372w, https:\/\/rna.ao\/rna.ao\/wp-content\/uploads\/2024\/04\/comboio-370x209.jpg 370w\" sizes=\"(max-width: 372px) 100vw, 372px\" \/>Um cidad\u00e3o morreu, nesta sexta-feira, ap\u00f3s ser colhido pelo comboio do Caminho-de-Ferro de Mo\u00e7\u00e2medes no munic\u00edpio da Matala. Ainda na prov\u00edncia da Hu\u00edla, um outro morreu carbonizado ap\u00f3s a colis\u00e3o entre a viatura em que se fazia transportar e um cami\u00e3o, no munic\u00edpio da Cacula estrada nacional 105, h\u00e1 menos de cem quil\u00f4metros do Lubango. Ou\u00e7a o desenvolvimento desta mat\u00e9ria na voz da jornalista Sandra Rodrigues clicando no \u00e1udio abaixo:<\/p>\n\t<div class=\"qtmplayer-playlist-large\">\n\t\t<ul class=\"qtmplayer-playlist\">\n\t\t\t\n\t\t\t\t\t<li class=\"qtmplayer-trackitem\">\n\t\t<img src=\"https:\/\/rna.ao\/rna.ao\/wp-content\/uploads\/2024\/04\/comboio-100x100.jpg\" alt=\"cover\">\t\t<span \t\t\tdata-qtmplayer-cover=\"https:\/\/rna.ao\/rna.ao\/wp-content\/uploads\/2024\/04\/comboio.jpg\"\n\t\t\t\t\t\tdata-qtmplayer-file=\"https:\/\/rna.ao\/rna.ao\/wp-content\/uploads\/2026\/09\/HUILA-ACIDENTE-07HRS.mp3\"\n\t\t\t\t\t\tdata-qtmplayer-title=\"Cidad\u00e3o morre ap\u00f3s ser colhido pelo comboio do Caminho-de-Ferro de Mo\u00e7\u00e2medes na Matala, Hu\u00edla\"\n\t\t\t\t\t\tdata-qtmplayer-artist=\"Ant\u00f3nio Augusto\"\n\t\t\t\t\t\tdata-qtmplayer-link=\"https:\/\/rna.ao\/rna.ao\/2026\/09\/05\/cidadao-morre-apos-ser-colhido-pelo-comboio-do-caminho-de-ferro-de-mocamedes-na-matala-huila\/\"\n\t\t\t\t\t\tdata-qtmplayer-icon=\"file_download\"\n\t\t\t\t\t\tdata-qtmplayer-type=\"track\"\n\t\t\t class=\"qtmplayer-play qtmplayer-link-sec qtmplayer-play-btn\"><i class='material-icons'>play_arrow<\/i><\/span>\n\t\t<p>\n\t\t\t<span class=\"qtmplayer-tit\">Cidad\u00e3o morre ap\u00f3s ser colhido pelo comboio do Caminho-de-Ferro de Mo\u00e7\u00e2medes na Matala, Hu\u00edla<\/span>\n\t\t\t<span class=\"qtmplayer-art\">Ant\u00f3nio Augusto<\/span>\n\t\t<\/p>\n\t<\/li>\n\t\t<\/ul>\n\t<\/div>\t\t\t\n\t\n","protected":false},"excerpt":{"rendered":"<p>Um cidad\u00e3o morreu, nesta sexta-feira, ap\u00f3s ser colhido pelo comboio do Caminho-de-Ferro de Mo\u00e7\u00e2medes no munic\u00edpio da Matala. Ainda na prov\u00edncia da Hu\u00edla, um outro morreu carbonizado ap\u00f3s a colis\u00e3o entre a viatura em que se fazia transportar e um cami\u00e3o, no munic\u00edpio da Cacula estrada nacional 105, h\u00e1 menos ...<\/p>\n","protected":false},"author":23,"featured_media":138526,"comment_status":"closed","ping_status":"closed","sticky":false,"template":"","format":"standard","meta":[],"categories":[121,163],"tags":[],"_links":{"self":[{"href":"https:\/\/rna.ao\/rna.ao\/wp-json\/wp\/v2\/posts\/230324"}],"collection":[{"href":"https:\/\/rna.ao\/rna.ao\/wp-json\/wp\/v2\/posts"}],"about":[{"href":"https:\/\/rna.ao\/rna.ao\/wp-json\/wp\/v2\/types\/post"}],"author":[{"embeddable":true,"href":"https:\/\/rna.ao\/rna.ao\/wp-json\/wp\/v2\/users\/23"}],"replies":[{"embeddable":true,"href":"https:\/\/rna.ao\/rna.ao\/wp-json\/wp\/v2\/comments?post=230324"}],"version-history":[{"count":1,"href":"https:\/\/rna.ao\/rna.ao\/wp-json\/wp\/v2\/posts\/230324\/revisions"}],"predecessor-version":[{"id":230326,"href":"https:\/\/rna.ao\/rna.ao\/wp-json\/wp\/v2\/posts\/230324\/revisions\/230326"}],"wp:featuredmedia":[{"embeddable":true,"href":"https:\/\/rna.ao\/rna.ao\/wp-json\/wp\/v2\/media\/138526"}],"wp:attachment":[{"href":"https:\/\/rna.ao\/rna.ao\/wp-json\/wp\/v2\/media?parent=230324"}],"wp:term":[{"taxonomy":"category","embeddable":true,"href":"https:\/\/rna.ao\/rna.ao\/wp-json\/wp\/v2\/categories?post=230324"},{"taxonomy":"post_tag","embeddable":true,"href":"https:\/\/rna.ao\/rna.ao\/wp-json\/wp\/v2\/tags?post=230324"}],"curies":[{"name":"wp","href":"https:\/\/api.w.org\/{rel}","templated":true}]}}