{"id":230319,"date":"2026-09-05T14:13:16","date_gmt":"2026-09-05T13:13:16","guid":{"rendered":"https:\/\/rna.ao\/rna.ao\/?p=230319"},"modified":"2026-09-05T14:15:57","modified_gmt":"2026-09-05T13:15:57","slug":"angolanos-vao-poder-viajar-para-macau-sem-necessidade-de-visto","status":"publish","type":"post","link":"https:\/\/rna.ao\/rna.ao\/2026\/09\/05\/angolanos-vao-poder-viajar-para-macau-sem-necessidade-de-visto\/","title":{"rendered":"Angolanos v\u00e3o poder viajar para Macau sem necessidade de visto"},"content":{"rendered":"<p><img loading=\"lazy\" class=\"wp-image-230320 aligncenter\" src=\"https:\/\/rna.ao\/rna.ao\/wp-content\/uploads\/2026\/09\/Angola-e-Macau-necessidade-de-visto.jpg\" alt=\"\" width=\"466\" height=\"267\" \/>Angolanos v\u00e3o poder viajar para Macau sem necessidade de visto. Ontem, sexta-feira(04), os dois governos assinaram um protocolo com esse efeito. Chancelaram o documento, o Secret\u00e1rio para a Administra\u00e7\u00e3o e Justi\u00e7a pelo Governo da Regi\u00e3o Administrativa Especial de Macau, Wong Sio Chak, e por Angola o Embaixador em Macau Eduardo Galiano.<\/p>\n<p>Para o diplomata angolano, o protocolo n\u00e3o s\u00f3 dissolve barreiras burocr\u00e1ticas, como dissipa de forma definitiva a incerteza que pairava sobre as rela\u00e7\u00f5es comerciais entre Angola e Macau. Eduardo Galiano, considera hist\u00f3rico o protocolo que acredita vir abrir o interc\u00e2mbio econ\u00f3mico nos dois sentidos.\u00a0Clique no \u00e1udio abaixo e ou\u00e7a:<\/p>\n","protected":false},"excerpt":{"rendered":"<p>Angolanos v\u00e3o poder viajar para Macau sem necessidade de visto. Ontem, sexta-feira(04), os dois governos assinaram um protocolo com esse efeito. Chancelaram o documento, o Secret\u00e1rio para a Administra\u00e7\u00e3o e Justi\u00e7a pelo Governo da Regi\u00e3o Administrativa Especial de Macau, Wong Sio Chak, e por Angola o Embaixador em Macau Eduardo ...<\/p>\n","protected":false},"author":23,"featured_media":230320,"comment_status":"closed","ping_status":"closed","sticky":false,"template":"","format":"standard","meta":[],"categories":[142,121,163],"tags":[],"_links":{"self":[{"href":"https:\/\/rna.ao\/rna.ao\/wp-json\/wp\/v2\/posts\/230319"}],"collection":[{"href":"https:\/\/rna.ao\/rna.ao\/wp-json\/wp\/v2\/posts"}],"about":[{"href":"https:\/\/rna.ao\/rna.ao\/wp-json\/wp\/v2\/types\/post"}],"author":[{"embeddable":true,"href":"https:\/\/rna.ao\/rna.ao\/wp-json\/wp\/v2\/users\/23"}],"replies":[{"embeddable":true,"href":"https:\/\/rna.ao\/rna.ao\/wp-json\/wp\/v2\/comments?post=230319"}],"version-history":[{"count":2,"href":"https:\/\/rna.ao\/rna.ao\/wp-json\/wp\/v2\/posts\/230319\/revisions"}],"predecessor-version":[{"id":230323,"href":"https:\/\/rna.ao\/rna.ao\/wp-json\/wp\/v2\/posts\/230319\/revisions\/230323"}],"wp:featuredmedia":[{"embeddable":true,"href":"https:\/\/rna.ao\/rna.ao\/wp-json\/wp\/v2\/media\/230320"}],"wp:attachment":[{"href":"https:\/\/rna.ao\/rna.ao\/wp-json\/wp\/v2\/media?parent=230319"}],"wp:term":[{"taxonomy":"category","embeddable":true,"href":"https:\/\/rna.ao\/rna.ao\/wp-json\/wp\/v2\/categories?post=230319"},{"taxonomy":"post_tag","embeddable":true,"href":"https:\/\/rna.ao\/rna.ao\/wp-json\/wp\/v2\/tags?post=230319"}],"curies":[{"name":"wp","href":"https:\/\/api.w.org\/{rel}","templated":true}]}}