{"id":230312,"date":"2026-09-05T13:59:14","date_gmt":"2026-09-05T12:59:14","guid":{"rendered":"https:\/\/rna.ao\/rna.ao\/?p=230312"},"modified":"2026-09-05T13:59:14","modified_gmt":"2026-09-05T12:59:14","slug":"morre-deputada-fernanda-filomena-dos-santos","status":"publish","type":"post","link":"https:\/\/rna.ao\/rna.ao\/2026\/09\/05\/morre-deputada-fernanda-filomena-dos-santos\/","title":{"rendered":"Morre deputada Fernanda Filomena dos Santos"},"content":{"rendered":"<p><img loading=\"lazy\" class=\"alignnone size-medium wp-image-230313\" src=\"https:\/\/rna.ao\/rna.ao\/wp-content\/uploads\/2026\/09\/f36dd5c7-4323-4137-b446-426910e3d26a-770x770.jpeg\" alt=\"\" width=\"770\" height=\"770\" srcset=\"https:\/\/rna.ao\/rna.ao\/wp-content\/uploads\/2026\/09\/f36dd5c7-4323-4137-b446-426910e3d26a-770x770.jpeg 770w, https:\/\/rna.ao\/rna.ao\/wp-content\/uploads\/2026\/09\/f36dd5c7-4323-4137-b446-426910e3d26a-150x150.jpeg 150w, https:\/\/rna.ao\/rna.ao\/wp-content\/uploads\/2026\/09\/f36dd5c7-4323-4137-b446-426910e3d26a-768x768.jpeg 768w, https:\/\/rna.ao\/rna.ao\/wp-content\/uploads\/2026\/09\/f36dd5c7-4323-4137-b446-426910e3d26a-100x100.jpeg 100w, https:\/\/rna.ao\/rna.ao\/wp-content\/uploads\/2026\/09\/f36dd5c7-4323-4137-b446-426910e3d26a-370x370.jpeg 370w, https:\/\/rna.ao\/rna.ao\/wp-content\/uploads\/2026\/09\/f36dd5c7-4323-4137-b446-426910e3d26a.jpeg 999w\" sizes=\"(max-width: 770px) 100vw, 770px\" \/><\/p>\n<p>A deputada \u00e0 Assembleia Nacional Fernanda Filomena dos Santos morreu este s\u00e1bado, 5 de Setembro, na cidade do Lubango, prov\u00edncia da Hu\u00edla, v\u00edtima de doen\u00e7a.<\/p>\n<p>Eleita pelo C\u00edrculo Eleitoral Provincial da Hu\u00edla, a parlamentar integrava a Comiss\u00e3o de Sa\u00fade, Educa\u00e7\u00e3o, Ensino Superior, Ci\u00eancia e Tecnologia da Assembleia Nacional.<\/p>\n<p>Numa nota de pesar, o presidente da Assembleia Nacional, Ad\u00e3o de Almeida, destacou o contributo da deputada na defesa dos interesses das popula\u00e7\u00f5es e na promo\u00e7\u00e3o de iniciativas ligadas aos sectores da educa\u00e7\u00e3o e da sa\u00fade.<\/p>\n<p>Ad\u00e3o de Almeida considera que a morte da parlamentar deixa um vazio na fam\u00edlia, na prov\u00edncia da Hu\u00edla e na Assembleia Nacional, tendo endere\u00e7ado condol\u00eancias aos familiares da malograda.<\/p>\n","protected":false},"excerpt":{"rendered":"<p>A deputada \u00e0 Assembleia Nacional Fernanda Filomena dos Santos morreu este s\u00e1bado, 5 de Setembro, na cidade do Lubango, prov\u00edncia da Hu\u00edla, v\u00edtima de doen\u00e7a. Eleita pelo C\u00edrculo Eleitoral Provincial da Hu\u00edla, a parlamentar integrava a Comiss\u00e3o de Sa\u00fade, Educa\u00e7\u00e3o, Ensino Superior, Ci\u00eancia e Tecnologia da Assembleia Nacional. Numa nota ...<\/p>\n","protected":false},"author":9,"featured_media":230313,"comment_status":"closed","ping_status":"closed","sticky":false,"template":"","format":"standard","meta":[],"categories":[142,121,164,163],"tags":[],"_links":{"self":[{"href":"https:\/\/rna.ao\/rna.ao\/wp-json\/wp\/v2\/posts\/230312"}],"collection":[{"href":"https:\/\/rna.ao\/rna.ao\/wp-json\/wp\/v2\/posts"}],"about":[{"href":"https:\/\/rna.ao\/rna.ao\/wp-json\/wp\/v2\/types\/post"}],"author":[{"embeddable":true,"href":"https:\/\/rna.ao\/rna.ao\/wp-json\/wp\/v2\/users\/9"}],"replies":[{"embeddable":true,"href":"https:\/\/rna.ao\/rna.ao\/wp-json\/wp\/v2\/comments?post=230312"}],"version-history":[{"count":1,"href":"https:\/\/rna.ao\/rna.ao\/wp-json\/wp\/v2\/posts\/230312\/revisions"}],"predecessor-version":[{"id":230314,"href":"https:\/\/rna.ao\/rna.ao\/wp-json\/wp\/v2\/posts\/230312\/revisions\/230314"}],"wp:featuredmedia":[{"embeddable":true,"href":"https:\/\/rna.ao\/rna.ao\/wp-json\/wp\/v2\/media\/230313"}],"wp:attachment":[{"href":"https:\/\/rna.ao\/rna.ao\/wp-json\/wp\/v2\/media?parent=230312"}],"wp:term":[{"taxonomy":"category","embeddable":true,"href":"https:\/\/rna.ao\/rna.ao\/wp-json\/wp\/v2\/categories?post=230312"},{"taxonomy":"post_tag","embeddable":true,"href":"https:\/\/rna.ao\/rna.ao\/wp-json\/wp\/v2\/tags?post=230312"}],"curies":[{"name":"wp","href":"https:\/\/api.w.org\/{rel}","templated":true}]}}