{"id":230306,"date":"2026-09-05T13:50:52","date_gmt":"2026-09-05T12:50:52","guid":{"rendered":"https:\/\/rna.ao\/rna.ao\/?p=230306"},"modified":"2026-09-05T13:50:52","modified_gmt":"2026-09-05T12:50:52","slug":"concorrentes-a-sucessao-de-isaias-kalunga-na-lideranca-do-cnj-comecaram-a-apresentar-candidaturas","status":"publish","type":"post","link":"https:\/\/rna.ao\/rna.ao\/2026\/09\/05\/concorrentes-a-sucessao-de-isaias-kalunga-na-lideranca-do-cnj-comecaram-a-apresentar-candidaturas\/","title":{"rendered":"Concorrentes a sucess\u00e3o de Isa\u00edas Kalunga na lideran\u00e7a do CNJ come\u00e7aram a apresentar candidaturas"},"content":{"rendered":"<p><img loading=\"lazy\" class=\"wp-image-230309 alignleft\" src=\"https:\/\/rna.ao\/rna.ao\/wp-content\/uploads\/2026\/09\/CNJ-578x770.jpg\" alt=\"\" width=\"215\" height=\"286\" srcset=\"https:\/\/rna.ao\/rna.ao\/wp-content\/uploads\/2026\/09\/CNJ-578x770.jpg 578w, https:\/\/rna.ao\/rna.ao\/wp-content\/uploads\/2026\/09\/CNJ.jpg 720w\" sizes=\"(max-width: 215px) 100vw, 215px\" \/>Teve in\u00edcio ontem, sexta-feira (4), e termina hoje, s\u00e1bado, 5 de Setembro, a rece\u00e7\u00e3o de candidaturas para a renova\u00e7\u00e3o de mandatos do Conselho Nacional da Juventude (CNJ). A informa\u00e7\u00e3o foi avan\u00e7ada em confer\u00eancia de imprensa pela Comiss\u00e3o de Candidaturas da organiza\u00e7\u00e3o juvenil. Ou\u00e7a o desenvolvimento desta mat\u00e9ria na voz da jornalista Carolina Rodrigues clicando no \u00e1udio abaixo:<\/p>\n\t<div class=\"qtmplayer-playlist-large\">\n\t\t<ul class=\"qtmplayer-playlist\">\n\t\t\t\n\t\t\t\t\t<li class=\"qtmplayer-trackitem\">\n\t\t<img src=\"https:\/\/rna.ao\/rna.ao\/wp-content\/uploads\/2026\/09\/CNJJ-100x100.jpg\" alt=\"cover\">\t\t<span \t\t\tdata-qtmplayer-cover=\"https:\/\/rna.ao\/rna.ao\/wp-content\/uploads\/2026\/09\/CNJJ-370x370.jpg\"\n\t\t\t\t\t\tdata-qtmplayer-file=\"https:\/\/rna.ao\/rna.ao\/wp-content\/uploads\/2026\/09\/CAROLINA-RODRIGUES-20-HRS.mp3\"\n\t\t\t\t\t\tdata-qtmplayer-title=\"Concorrentes a sucess\u00e3o de Isa\u00edas Kalunga na lideran\u00e7a do CNJ come\u00e7aram a apresentar candidaturas\"\n\t\t\t\t\t\tdata-qtmplayer-artist=\"Ant\u00f3nio Augusto\"\n\t\t\t\t\t\tdata-qtmplayer-link=\"https:\/\/rna.ao\/rna.ao\/2026\/09\/05\/concorrentes-a-sucessao-de-isaias-kalunga-na-lideranca-do-cnj-comecaram-a-apresentar-candidaturas\/\"\n\t\t\t\t\t\tdata-qtmplayer-icon=\"file_download\"\n\t\t\t\t\t\tdata-qtmplayer-type=\"track\"\n\t\t\t class=\"qtmplayer-play qtmplayer-link-sec qtmplayer-play-btn\"><i class='material-icons'>play_arrow<\/i><\/span>\n\t\t<p>\n\t\t\t<span class=\"qtmplayer-tit\">Concorrentes a sucess\u00e3o de Isa\u00edas Kalunga na lideran\u00e7a do CNJ come\u00e7aram a apresentar candidaturas<\/span>\n\t\t\t<span class=\"qtmplayer-art\">Ant\u00f3nio Augusto<\/span>\n\t\t<\/p>\n\t<\/li>\n\t\t<\/ul>\n\t<\/div>\t\t\t\n\t\n","protected":false},"excerpt":{"rendered":"<p>Teve in\u00edcio ontem, sexta-feira (4), e termina hoje, s\u00e1bado, 5 de Setembro, a rece\u00e7\u00e3o de candidaturas para a renova\u00e7\u00e3o de mandatos do Conselho Nacional da Juventude (CNJ). A informa\u00e7\u00e3o foi avan\u00e7ada em confer\u00eancia de imprensa pela Comiss\u00e3o de Candidaturas da organiza\u00e7\u00e3o juvenil. Ou\u00e7a o desenvolvimento desta mat\u00e9ria na voz da ...<\/p>\n","protected":false},"author":23,"featured_media":230308,"comment_status":"closed","ping_status":"closed","sticky":false,"template":"","format":"standard","meta":[],"categories":[141,133,164],"tags":[],"_links":{"self":[{"href":"https:\/\/rna.ao\/rna.ao\/wp-json\/wp\/v2\/posts\/230306"}],"collection":[{"href":"https:\/\/rna.ao\/rna.ao\/wp-json\/wp\/v2\/posts"}],"about":[{"href":"https:\/\/rna.ao\/rna.ao\/wp-json\/wp\/v2\/types\/post"}],"author":[{"embeddable":true,"href":"https:\/\/rna.ao\/rna.ao\/wp-json\/wp\/v2\/users\/23"}],"replies":[{"embeddable":true,"href":"https:\/\/rna.ao\/rna.ao\/wp-json\/wp\/v2\/comments?post=230306"}],"version-history":[{"count":1,"href":"https:\/\/rna.ao\/rna.ao\/wp-json\/wp\/v2\/posts\/230306\/revisions"}],"predecessor-version":[{"id":230310,"href":"https:\/\/rna.ao\/rna.ao\/wp-json\/wp\/v2\/posts\/230306\/revisions\/230310"}],"wp:featuredmedia":[{"embeddable":true,"href":"https:\/\/rna.ao\/rna.ao\/wp-json\/wp\/v2\/media\/230308"}],"wp:attachment":[{"href":"https:\/\/rna.ao\/rna.ao\/wp-json\/wp\/v2\/media?parent=230306"}],"wp:term":[{"taxonomy":"category","embeddable":true,"href":"https:\/\/rna.ao\/rna.ao\/wp-json\/wp\/v2\/categories?post=230306"},{"taxonomy":"post_tag","embeddable":true,"href":"https:\/\/rna.ao\/rna.ao\/wp-json\/wp\/v2\/tags?post=230306"}],"curies":[{"name":"wp","href":"https:\/\/api.w.org\/{rel}","templated":true}]}}