{"id":230304,"date":"2026-09-05T13:40:47","date_gmt":"2026-09-05T12:40:47","guid":{"rendered":"https:\/\/rna.ao\/rna.ao\/?p=230304"},"modified":"2026-09-05T13:40:47","modified_gmt":"2026-09-05T12:40:47","slug":"franca-mobiliza-15-mil-agentes-em-medida-de-seguranca-excecional-para-visita-do-papa","status":"publish","type":"post","link":"https:\/\/rna.ao\/rna.ao\/2026\/09\/05\/franca-mobiliza-15-mil-agentes-em-medida-de-seguranca-excecional-para-visita-do-papa\/","title":{"rendered":"Fran\u00e7a mobiliza 15 mil agentes em &#8220;medida de seguran\u00e7a excecional&#8221; para visita do Papa"},"content":{"rendered":"<p><img loading=\"lazy\" class=\"wp-image-211780 aligncenter\" src=\"https:\/\/rna.ao\/rna.ao\/wp-content\/uploads\/2026\/03\/Papa-Leao-770x513.jpg\" alt=\"\" width=\"386\" height=\"257\" srcset=\"https:\/\/rna.ao\/rna.ao\/wp-content\/uploads\/2026\/03\/Papa-Leao-770x513.jpg 770w, https:\/\/rna.ao\/rna.ao\/wp-content\/uploads\/2026\/03\/Papa-Leao-1170x780.jpg 1170w, https:\/\/rna.ao\/rna.ao\/wp-content\/uploads\/2026\/03\/Papa-Leao-768x512.jpg 768w, https:\/\/rna.ao\/rna.ao\/wp-content\/uploads\/2026\/03\/Papa-Leao.jpg 1200w\" sizes=\"(max-width: 386px) 100vw, 386px\" \/>As autoridades francesas v\u00e3o implementar uma &#8220;medida de seguran\u00e7a excecional&#8221; para a visita do Papa Le\u00e3o Catorze no fim de Setembro, com &#8220;15 mil membros das for\u00e7as de seguran\u00e7a&#8221; mobilizados no auge do evento, adiantou nesta sexta-feira(04), o governo franc\u00eas. O Ministro do Interior franc\u00eas, Laurent Nu\u00f1ez, especificou numa entrevista publicada hoje no &#8216;site&#8217; do jornal cat\u00f3lico \u201cLa Croix\u201d que &#8220;aproximadamente 14 mil membros das for\u00e7as de seguran\u00e7a ser\u00e3o mobilizados em Paris, mas mil estar\u00e3o em Lourdes, no sudoeste de Fran\u00e7a para preparar a chegada do papa&#8221;, que visita Fran\u00e7a entre 25 e 28 de setembro. Durante as suas viagens no papam\u00f3vel, Le\u00e3o Catorze estar\u00e1 rodeado por uma &#8220;bolha de prote\u00e7\u00e3o de pol\u00edcias apeados&#8221;, cuja &#8220;miss\u00e3o ser\u00e1 detetar qualquer movimento anormal da multid\u00e3o&#8221;.<\/p>\n<p>&nbsp;<\/p>\n","protected":false},"excerpt":{"rendered":"<p>As autoridades francesas v\u00e3o implementar uma &#8220;medida de seguran\u00e7a excecional&#8221; para a visita do Papa Le\u00e3o Catorze no fim de Setembro, com &#8220;15 mil membros das for\u00e7as de seguran\u00e7a&#8221; mobilizados no auge do evento, adiantou nesta sexta-feira(04), o governo franc\u00eas. O Ministro do Interior franc\u00eas, Laurent Nu\u00f1ez, especificou numa entrevista ...<\/p>\n","protected":false},"author":23,"featured_media":211780,"comment_status":"closed","ping_status":"closed","sticky":false,"template":"","format":"standard","meta":[],"categories":[143,137],"tags":[],"_links":{"self":[{"href":"https:\/\/rna.ao\/rna.ao\/wp-json\/wp\/v2\/posts\/230304"}],"collection":[{"href":"https:\/\/rna.ao\/rna.ao\/wp-json\/wp\/v2\/posts"}],"about":[{"href":"https:\/\/rna.ao\/rna.ao\/wp-json\/wp\/v2\/types\/post"}],"author":[{"embeddable":true,"href":"https:\/\/rna.ao\/rna.ao\/wp-json\/wp\/v2\/users\/23"}],"replies":[{"embeddable":true,"href":"https:\/\/rna.ao\/rna.ao\/wp-json\/wp\/v2\/comments?post=230304"}],"version-history":[{"count":1,"href":"https:\/\/rna.ao\/rna.ao\/wp-json\/wp\/v2\/posts\/230304\/revisions"}],"predecessor-version":[{"id":230305,"href":"https:\/\/rna.ao\/rna.ao\/wp-json\/wp\/v2\/posts\/230304\/revisions\/230305"}],"wp:featuredmedia":[{"embeddable":true,"href":"https:\/\/rna.ao\/rna.ao\/wp-json\/wp\/v2\/media\/211780"}],"wp:attachment":[{"href":"https:\/\/rna.ao\/rna.ao\/wp-json\/wp\/v2\/media?parent=230304"}],"wp:term":[{"taxonomy":"category","embeddable":true,"href":"https:\/\/rna.ao\/rna.ao\/wp-json\/wp\/v2\/categories?post=230304"},{"taxonomy":"post_tag","embeddable":true,"href":"https:\/\/rna.ao\/rna.ao\/wp-json\/wp\/v2\/tags?post=230304"}],"curies":[{"name":"wp","href":"https:\/\/api.w.org\/{rel}","templated":true}]}}