{"id":230299,"date":"2026-09-05T13:35:14","date_gmt":"2026-09-05T12:35:14","guid":{"rendered":"https:\/\/rna.ao\/rna.ao\/?p=230299"},"modified":"2026-09-05T13:35:14","modified_gmt":"2026-09-05T12:35:14","slug":"projectos-solares-na-lunda-norte-vao-fornecer-energia-a-cerca-de-40-mil-residencias","status":"publish","type":"post","link":"https:\/\/rna.ao\/rna.ao\/2026\/09\/05\/projectos-solares-na-lunda-norte-vao-fornecer-energia-a-cerca-de-40-mil-residencias\/","title":{"rendered":"Projectos solares na Lunda-Norte v\u00e3o fornecer energia a cerca de 40 mil resid\u00eancias"},"content":{"rendered":"<p><img loading=\"lazy\" class=\"size-full wp-image-200522 alignleft\" src=\"https:\/\/rna.ao\/rna.ao\/wp-content\/uploads\/2025\/12\/fotovoltaico-MOXICO-LESTE-GANHA-INFRAESTRUTURA-DE-FORNECIMENTO-DE-ELECTRICIDADE.jpg\" alt=\"\" width=\"400\" height=\"300\" \/>Os projectos solares fotovoltaicos em constru\u00e7\u00e3o nos munic\u00edpios de Cafunfo e Cuango, Prov\u00edncia da Lunda-Norte, v\u00e3o contar com ramais de media de tens\u00e3o para levar a energia el\u00e9ctrica aos consumidores dos dois munic\u00edpios. Os dois projectos, ter\u00e3o depois de conclu\u00eddos, capacidades combinadas de 53,9 megawatts, e v\u00e3o fornecer energia el\u00e9ctrica a perto de quarenta mil resid\u00eancias. Os projectos que entram na estrat\u00e9gia de electrifica\u00e7\u00e3o do pa\u00eds, est\u00e3o nesta altura com uma execu\u00e7\u00e3o f\u00edsica que supera os 90 por cento. O engenheiro em electricidade e professor da Faculdade de Engenheira da Universidade Agostinho Neto, Baba Cubango, valoriza a constru\u00e7\u00e3o do ramal de media tens\u00e3o que diz dar viabilidade e sustentabilidade aos dois projectos. Clique no \u00e1udio abaixo e ou\u00e7a:<\/p>\n\t<div class=\"qtmplayer-playlist-large\">\n\t\t<ul class=\"qtmplayer-playlist\">\n\t\t\t\n\t\t\t\t\t<li class=\"qtmplayer-trackitem\">\n\t\t<img src=\"https:\/\/rna.ao\/rna.ao\/wp-content\/uploads\/2023\/04\/Central-Fotovoltaica-Moxico-100x100.jpg\" alt=\"cover\">\t\t<span \t\t\tdata-qtmplayer-cover=\"https:\/\/rna.ao\/rna.ao\/wp-content\/uploads\/2023\/04\/Central-Fotovoltaica-Moxico-370x370.jpg\"\n\t\t\t\t\t\tdata-qtmplayer-file=\"https:\/\/rna.ao\/rna.ao\/wp-content\/uploads\/2026\/09\/BABA-CUBANGO-20-HRS.mp3\"\n\t\t\t\t\t\tdata-qtmplayer-title=\"Projectos solares na Lunda-Norte v\u00e3o fornecer energia a cerca de 40 mil resid\u00eancias\"\n\t\t\t\t\t\tdata-qtmplayer-artist=\"Ant\u00f3nio Augusto\"\n\t\t\t\t\t\tdata-qtmplayer-link=\"https:\/\/rna.ao\/rna.ao\/2026\/09\/05\/projectos-solares-na-lunda-norte-vao-fornecer-energia-a-cerca-de-40-mil-residencias\/\"\n\t\t\t\t\t\tdata-qtmplayer-icon=\"file_download\"\n\t\t\t\t\t\tdata-qtmplayer-type=\"track\"\n\t\t\t class=\"qtmplayer-play qtmplayer-link-sec qtmplayer-play-btn\"><i class='material-icons'>play_arrow<\/i><\/span>\n\t\t<p>\n\t\t\t<span class=\"qtmplayer-tit\">Projectos solares na Lunda-Norte v\u00e3o fornecer energia a cerca de 40 mil resid\u00eancias<\/span>\n\t\t\t<span class=\"qtmplayer-art\">Ant\u00f3nio Augusto<\/span>\n\t\t<\/p>\n\t<\/li>\n\t\t<\/ul>\n\t<\/div>\t\t\t\n\t\n<p>a Administra\u00e7\u00e3o do Municipio com grande intensidade na explora\u00e7\u00e3o de diamantes, assegura que n\u00e3o existem , casos de conflitos de terra envolvendo empresas diamant\u00edferas e camponeses.\u00a0Entretanto, para consolidar este ambiente, o Administrador Ant\u00f3nio Mussumari, assegura conversa\u00e7\u00f5es cont\u00ednuas entre o Minist\u00e9rio da Agricultura e Florestas e dos Recursos Minerais, Petr\u00f3leo e G\u00e1s por altura de concess\u00e3o de terras para a explora\u00e7\u00e3o de diamantes. Ant\u00f3nio Mussumari, fala sim de casos de tentativa de invas\u00e3o de garimpeiros por terras cedidas \u00e0s empresas de explora\u00e7\u00e3o de diamantes muito por conta dos sinais de abandono, o que n\u00e3o pode ser associado como caso de conflito entre camponeses e projectos diamant\u00edfero. Clique no \u00e1udio abaixo e ou\u00e7a:<\/p>\n\t<div class=\"qtmplayer-playlist-large\">\n\t\t<ul class=\"qtmplayer-playlist\">\n\t\t\t\n\t\t\t\t\t<li class=\"qtmplayer-trackitem\">\n\t\t<img src=\"https:\/\/rna.ao\/rna.ao\/wp-content\/uploads\/2023\/04\/Central-Fotovoltaica-Moxico-100x100.jpg\" alt=\"cover\">\t\t<span \t\t\tdata-qtmplayer-cover=\"https:\/\/rna.ao\/rna.ao\/wp-content\/uploads\/2023\/04\/Central-Fotovoltaica-Moxico-370x370.jpg\"\n\t\t\t\t\t\tdata-qtmplayer-file=\"https:\/\/rna.ao\/rna.ao\/wp-content\/uploads\/2026\/09\/ANTONIO-MUSSUMARI-20-HRS.mp3\"\n\t\t\t\t\t\tdata-qtmplayer-title=\"Projectos solares na Lunda-Norte v\u00e3o fornecer energia a cerca de 40 mil resid\u00eancias\"\n\t\t\t\t\t\tdata-qtmplayer-artist=\"Ant\u00f3nio Augusto\"\n\t\t\t\t\t\tdata-qtmplayer-link=\"https:\/\/rna.ao\/rna.ao\/2026\/09\/05\/projectos-solares-na-lunda-norte-vao-fornecer-energia-a-cerca-de-40-mil-residencias\/\"\n\t\t\t\t\t\tdata-qtmplayer-icon=\"file_download\"\n\t\t\t\t\t\tdata-qtmplayer-type=\"track\"\n\t\t\t class=\"qtmplayer-play qtmplayer-link-sec qtmplayer-play-btn\"><i class='material-icons'>play_arrow<\/i><\/span>\n\t\t<p>\n\t\t\t<span class=\"qtmplayer-tit\">Projectos solares na Lunda-Norte v\u00e3o fornecer energia a cerca de 40 mil resid\u00eancias<\/span>\n\t\t\t<span class=\"qtmplayer-art\">Ant\u00f3nio Augusto<\/span>\n\t\t<\/p>\n\t<\/li>\n\t\t<\/ul>\n\t<\/div>\t\t\t\n\t\n<p>Entretanto, a agricultura no Cuango est\u00e1 a acontecer e \u00e9 assinal\u00e1vel a presen\u00e7a de iniciativas empresariais como \u00e9 o caso da Fazenda Mawika, que nesta altura tem uma \u00e1rea de setecentos hectares. O agr\u00f3nomo Jos\u00e9 Sim\u00f5es diz que deste n\u00famero apenas dez hectares est\u00e3o a ser explorados, devido a escassez de insumos e imputs para a produ\u00e7\u00e3o e mostrar que agricultura no Cuango est\u00e1 a acontecer.<\/p>\n\t<div class=\"qtmplayer-playlist-large\">\n\t\t<ul class=\"qtmplayer-playlist\">\n\t\t\t\n\t\t\t\t\t<li class=\"qtmplayer-trackitem\">\n\t\t<img src=\"https:\/\/rna.ao\/rna.ao\/wp-content\/uploads\/2023\/04\/Central-Fotovoltaica-Moxico-100x100.jpg\" alt=\"cover\">\t\t<span \t\t\tdata-qtmplayer-cover=\"https:\/\/rna.ao\/rna.ao\/wp-content\/uploads\/2023\/04\/Central-Fotovoltaica-Moxico-370x370.jpg\"\n\t\t\t\t\t\tdata-qtmplayer-file=\"https:\/\/rna.ao\/rna.ao\/wp-content\/uploads\/2026\/09\/JOSE-SIMOES-20-HRS.mp3\"\n\t\t\t\t\t\tdata-qtmplayer-title=\"Projectos solares na Lunda-Norte v\u00e3o fornecer energia a cerca de 40 mil resid\u00eancias\"\n\t\t\t\t\t\tdata-qtmplayer-artist=\"Ant\u00f3nio Augusto\"\n\t\t\t\t\t\tdata-qtmplayer-link=\"https:\/\/rna.ao\/rna.ao\/2026\/09\/05\/projectos-solares-na-lunda-norte-vao-fornecer-energia-a-cerca-de-40-mil-residencias\/\"\n\t\t\t\t\t\tdata-qtmplayer-icon=\"file_download\"\n\t\t\t\t\t\tdata-qtmplayer-type=\"track\"\n\t\t\t class=\"qtmplayer-play qtmplayer-link-sec qtmplayer-play-btn\"><i class='material-icons'>play_arrow<\/i><\/span>\n\t\t<p>\n\t\t\t<span class=\"qtmplayer-tit\">Projectos solares na Lunda-Norte v\u00e3o fornecer energia a cerca de 40 mil resid\u00eancias<\/span>\n\t\t\t<span class=\"qtmplayer-art\">Ant\u00f3nio Augusto<\/span>\n\t\t<\/p>\n\t<\/li>\n\t\t<\/ul>\n\t<\/div>\t\t\t\n\t\n<p>&nbsp;<\/p>\n<p>&nbsp;<\/p>\n","protected":false},"excerpt":{"rendered":"<p>Os projectos solares fotovoltaicos em constru\u00e7\u00e3o nos munic\u00edpios de Cafunfo e Cuango, Prov\u00edncia da Lunda-Norte, v\u00e3o contar com ramais de media de tens\u00e3o para levar a energia el\u00e9ctrica aos consumidores dos dois munic\u00edpios. Os dois projectos, ter\u00e3o depois de conclu\u00eddos, capacidades combinadas de 53,9 megawatts, e v\u00e3o fornecer energia el\u00e9ctrica ...<\/p>\n","protected":false},"author":23,"featured_media":98315,"comment_status":"closed","ping_status":"closed","sticky":false,"template":"","format":"standard","meta":[],"categories":[142,121,163],"tags":[],"_links":{"self":[{"href":"https:\/\/rna.ao\/rna.ao\/wp-json\/wp\/v2\/posts\/230299"}],"collection":[{"href":"https:\/\/rna.ao\/rna.ao\/wp-json\/wp\/v2\/posts"}],"about":[{"href":"https:\/\/rna.ao\/rna.ao\/wp-json\/wp\/v2\/types\/post"}],"author":[{"embeddable":true,"href":"https:\/\/rna.ao\/rna.ao\/wp-json\/wp\/v2\/users\/23"}],"replies":[{"embeddable":true,"href":"https:\/\/rna.ao\/rna.ao\/wp-json\/wp\/v2\/comments?post=230299"}],"version-history":[{"count":1,"href":"https:\/\/rna.ao\/rna.ao\/wp-json\/wp\/v2\/posts\/230299\/revisions"}],"predecessor-version":[{"id":230303,"href":"https:\/\/rna.ao\/rna.ao\/wp-json\/wp\/v2\/posts\/230299\/revisions\/230303"}],"wp:featuredmedia":[{"embeddable":true,"href":"https:\/\/rna.ao\/rna.ao\/wp-json\/wp\/v2\/media\/98315"}],"wp:attachment":[{"href":"https:\/\/rna.ao\/rna.ao\/wp-json\/wp\/v2\/media?parent=230299"}],"wp:term":[{"taxonomy":"category","embeddable":true,"href":"https:\/\/rna.ao\/rna.ao\/wp-json\/wp\/v2\/categories?post=230299"},{"taxonomy":"post_tag","embeddable":true,"href":"https:\/\/rna.ao\/rna.ao\/wp-json\/wp\/v2\/tags?post=230299"}],"curies":[{"name":"wp","href":"https:\/\/api.w.org\/{rel}","templated":true}]}}