{"id":230291,"date":"2026-09-05T13:11:06","date_gmt":"2026-09-05T12:11:06","guid":{"rendered":"https:\/\/rna.ao\/rna.ao\/?p=230291"},"modified":"2026-09-05T13:11:06","modified_gmt":"2026-09-05T12:11:06","slug":"peregrinacao-a-muxima-arranca-com-mais-de-mil-fieis-e-logistica-assegurada-na-quicama","status":"publish","type":"post","link":"https:\/\/rna.ao\/rna.ao\/2026\/09\/05\/peregrinacao-a-muxima-arranca-com-mais-de-mil-fieis-e-logistica-assegurada-na-quicama\/","title":{"rendered":"Peregrina\u00e7\u00e3o \u00e0 Muxima arranca com mais de mil fi\u00e9is e log\u00edstica assegurada na Qui\u00e7ama"},"content":{"rendered":"<p><img loading=\"lazy\" class=\"wp-image-230294 aligncenter\" src=\"https:\/\/rna.ao\/rna.ao\/wp-content\/uploads\/2026\/09\/peregrinacaoaa.jpg\" alt=\"\" width=\"419\" height=\"235\" \/>Mais de mil fi\u00e9is cat\u00f3licos iniciaram ontem, sexta-feira(04), a peregrina\u00e7\u00e3o ao santu\u00e1rio da Muxima, para pedir b\u00ean\u00e7\u00e3os em prol das suas vidas e de seus familiares. As autoridades do municipio da Qui\u00e7ama garantem estarem criadas as condi\u00e7\u00f5es log\u00edsticas para o \u00eaxito da romaria. Clique no \u00e1udio abaixo para obter mais informa\u00e7\u00e3o com a jornalista Alda Mulaza:<\/p>\n\t<div class=\"qtmplayer-playlist-large\">\n\t\t<ul class=\"qtmplayer-playlist\">\n\t\t\t\n\t\t\t\t\t<li class=\"qtmplayer-trackitem\">\n\t\t<img src=\"https:\/\/rna.ao\/rna.ao\/wp-content\/uploads\/2026\/09\/peregrinacao-100x100.jpg\" alt=\"cover\">\t\t<span \t\t\tdata-qtmplayer-cover=\"https:\/\/rna.ao\/rna.ao\/wp-content\/uploads\/2026\/09\/peregrinacao-370x370.jpg\"\n\t\t\t\t\t\tdata-qtmplayer-file=\"https:\/\/rna.ao\/rna.ao\/wp-content\/uploads\/2026\/09\/ALDA-MULAZA-20-HRS.mp3\"\n\t\t\t\t\t\tdata-qtmplayer-title=\"Peregrina\u00e7\u00e3o \u00e0 Muxima arranca com mais de mil fi\u00e9is e log\u00edstica assegurada na Qui\u00e7ama\"\n\t\t\t\t\t\tdata-qtmplayer-artist=\"Ant\u00f3nio Augusto\"\n\t\t\t\t\t\tdata-qtmplayer-link=\"https:\/\/rna.ao\/rna.ao\/2026\/09\/05\/peregrinacao-a-muxima-arranca-com-mais-de-mil-fieis-e-logistica-assegurada-na-quicama\/\"\n\t\t\t\t\t\tdata-qtmplayer-icon=\"file_download\"\n\t\t\t\t\t\tdata-qtmplayer-type=\"track\"\n\t\t\t class=\"qtmplayer-play qtmplayer-link-sec qtmplayer-play-btn\"><i class='material-icons'>play_arrow<\/i><\/span>\n\t\t<p>\n\t\t\t<span class=\"qtmplayer-tit\">Peregrina\u00e7\u00e3o \u00e0 Muxima arranca com mais de mil fi\u00e9is e log\u00edstica assegurada na Qui\u00e7ama<\/span>\n\t\t\t<span class=\"qtmplayer-art\">Ant\u00f3nio Augusto<\/span>\n\t\t<\/p>\n\t<\/li>\n\t\t<\/ul>\n\t<\/div>\t\t\t\n\t\n","protected":false},"excerpt":{"rendered":"<p>Mais de mil fi\u00e9is cat\u00f3licos iniciaram ontem, sexta-feira(04), a peregrina\u00e7\u00e3o ao santu\u00e1rio da Muxima, para pedir b\u00ean\u00e7\u00e3os em prol das suas vidas e de seus familiares. As autoridades do municipio da Qui\u00e7ama garantem estarem criadas as condi\u00e7\u00f5es log\u00edsticas para o \u00eaxito da romaria. Clique no \u00e1udio abaixo para obter mais ...<\/p>\n","protected":false},"author":23,"featured_media":230293,"comment_status":"closed","ping_status":"closed","sticky":false,"template":"","format":"standard","meta":[],"categories":[141,133,164],"tags":[],"_links":{"self":[{"href":"https:\/\/rna.ao\/rna.ao\/wp-json\/wp\/v2\/posts\/230291"}],"collection":[{"href":"https:\/\/rna.ao\/rna.ao\/wp-json\/wp\/v2\/posts"}],"about":[{"href":"https:\/\/rna.ao\/rna.ao\/wp-json\/wp\/v2\/types\/post"}],"author":[{"embeddable":true,"href":"https:\/\/rna.ao\/rna.ao\/wp-json\/wp\/v2\/users\/23"}],"replies":[{"embeddable":true,"href":"https:\/\/rna.ao\/rna.ao\/wp-json\/wp\/v2\/comments?post=230291"}],"version-history":[{"count":1,"href":"https:\/\/rna.ao\/rna.ao\/wp-json\/wp\/v2\/posts\/230291\/revisions"}],"predecessor-version":[{"id":230295,"href":"https:\/\/rna.ao\/rna.ao\/wp-json\/wp\/v2\/posts\/230291\/revisions\/230295"}],"wp:featuredmedia":[{"embeddable":true,"href":"https:\/\/rna.ao\/rna.ao\/wp-json\/wp\/v2\/media\/230293"}],"wp:attachment":[{"href":"https:\/\/rna.ao\/rna.ao\/wp-json\/wp\/v2\/media?parent=230291"}],"wp:term":[{"taxonomy":"category","embeddable":true,"href":"https:\/\/rna.ao\/rna.ao\/wp-json\/wp\/v2\/categories?post=230291"},{"taxonomy":"post_tag","embeddable":true,"href":"https:\/\/rna.ao\/rna.ao\/wp-json\/wp\/v2\/tags?post=230291"}],"curies":[{"name":"wp","href":"https:\/\/api.w.org\/{rel}","templated":true}]}}