{"id":230284,"date":"2026-09-05T13:01:20","date_gmt":"2026-09-05T12:01:20","guid":{"rendered":"https:\/\/rna.ao\/rna.ao\/?p=230284"},"modified":"2026-09-05T13:01:20","modified_gmt":"2026-09-05T12:01:20","slug":"fieis-catolicos-oriundos-de-varios-pontos-iniciaram-a-peregrinacao-ao-santuario-da-muxima","status":"publish","type":"post","link":"https:\/\/rna.ao\/rna.ao\/2026\/09\/05\/fieis-catolicos-oriundos-de-varios-pontos-iniciaram-a-peregrinacao-ao-santuario-da-muxima\/","title":{"rendered":"Fi\u00e9is cat\u00f3licos oriundos de v\u00e1rios pontos iniciaram a peregrina\u00e7\u00e3o ao Santu\u00e1rio da Muxima"},"content":{"rendered":"<p><img loading=\"lazy\" class=\"wp-image-230288 aligncenter\" src=\"https:\/\/rna.ao\/rna.ao\/wp-content\/uploads\/2026\/09\/Fieis-catolicos-oriundos-de-varios-pontos-iniciaram-a-peregrinacao-ao-santuario-da-muxim.jpg\" alt=\"\" width=\"446\" height=\"251\" \/>Mais de mil fi\u00e9is cat\u00f3licos iniciaram a peregrina\u00e7\u00e3o ao santu\u00e1rio da Muxima, no Icolo e Bengo. Os fi\u00e9is cat\u00f3licos, respondem assim, ao apelo do Arcebispo de Luanda, Dom Filomeno Vieira Dias. A Madre Laurinda, da congrega\u00e7\u00e3o dos irm\u00e3os Canuncianas, que integra a peregrina\u00e7\u00e3o, fala em experi\u00eancia excepcional. Clique no \u00e1udio abaixo e saiba mais:<\/p>\n\t<div class=\"qtmplayer-playlist-large\">\n\t\t<ul class=\"qtmplayer-playlist\">\n\t\t\t\n\t\t\t\t\t<li class=\"qtmplayer-trackitem\">\n\t\t<img src=\"https:\/\/rna.ao\/rna.ao\/wp-content\/uploads\/2026\/09\/Fieis-catolicos-oriundos-de-varios-pontos-iniciaram-a-peregrinacao-ao-santuario-da-muxi-100x100.jpg\" alt=\"cover\">\t\t<span \t\t\tdata-qtmplayer-cover=\"https:\/\/rna.ao\/rna.ao\/wp-content\/uploads\/2026\/09\/Fieis-catolicos-oriundos-de-varios-pontos-iniciaram-a-peregrinacao-ao-santuario-da-muxi-370x370.jpg\"\n\t\t\t\t\t\tdata-qtmplayer-file=\"https:\/\/rna.ao\/rna.ao\/wp-content\/uploads\/2026\/09\/MADRE-LAURINDA-20HRS.mp3\"\n\t\t\t\t\t\tdata-qtmplayer-title=\"Fi\u00e9is cat\u00f3licos oriundos de v\u00e1rios pontos iniciaram a peregrina\u00e7\u00e3o ao Santu\u00e1rio da Muxima\"\n\t\t\t\t\t\tdata-qtmplayer-artist=\"Ant\u00f3nio Augusto\"\n\t\t\t\t\t\tdata-qtmplayer-link=\"https:\/\/rna.ao\/rna.ao\/2026\/09\/05\/fieis-catolicos-oriundos-de-varios-pontos-iniciaram-a-peregrinacao-ao-santuario-da-muxima\/\"\n\t\t\t\t\t\tdata-qtmplayer-icon=\"file_download\"\n\t\t\t\t\t\tdata-qtmplayer-type=\"track\"\n\t\t\t class=\"qtmplayer-play qtmplayer-link-sec qtmplayer-play-btn\"><i class='material-icons'>play_arrow<\/i><\/span>\n\t\t<p>\n\t\t\t<span class=\"qtmplayer-tit\">Fi\u00e9is cat\u00f3licos oriundos de v\u00e1rios pontos iniciaram a peregrina\u00e7\u00e3o ao Santu\u00e1rio da Muxima<\/span>\n\t\t\t<span class=\"qtmplayer-art\">Ant\u00f3nio Augusto<\/span>\n\t\t<\/p>\n\t<\/li>\n\t\t<\/ul>\n\t<\/div>\t\t\t\n\t\n<p>J\u00e1 Ant\u00f3nio Ventura da par\u00f3quia de Nossa Senhora das Gra\u00e7as, afirma que o momento, est\u00e1 a servir tamb\u00e9m para a partilha entre os crentes. Clique no \u00e1udio abaixo e saiba mais:<\/p>\n\t<div class=\"qtmplayer-playlist-large\">\n\t\t<ul class=\"qtmplayer-playlist\">\n\t\t\t\n\t\t\t\t\t<li class=\"qtmplayer-trackitem\">\n\t\t<img src=\"https:\/\/rna.ao\/rna.ao\/wp-content\/uploads\/2026\/09\/Fieis-catolicos-oriundos-de-varios-pontos-iniciaram-a-peregrinacao-ao-santuario-da-muxi-100x100.jpg\" alt=\"cover\">\t\t<span \t\t\tdata-qtmplayer-cover=\"https:\/\/rna.ao\/rna.ao\/wp-content\/uploads\/2026\/09\/Fieis-catolicos-oriundos-de-varios-pontos-iniciaram-a-peregrinacao-ao-santuario-da-muxi-370x370.jpg\"\n\t\t\t\t\t\tdata-qtmplayer-file=\"https:\/\/rna.ao\/rna.ao\/wp-content\/uploads\/2026\/09\/ANTONIO-VENTURA-20HRS.mp3\"\n\t\t\t\t\t\tdata-qtmplayer-title=\"Fi\u00e9is cat\u00f3licos oriundos de v\u00e1rios pontos iniciaram a peregrina\u00e7\u00e3o ao Santu\u00e1rio da Muxima\"\n\t\t\t\t\t\tdata-qtmplayer-artist=\"Ant\u00f3nio Augusto\"\n\t\t\t\t\t\tdata-qtmplayer-link=\"https:\/\/rna.ao\/rna.ao\/2026\/09\/05\/fieis-catolicos-oriundos-de-varios-pontos-iniciaram-a-peregrinacao-ao-santuario-da-muxima\/\"\n\t\t\t\t\t\tdata-qtmplayer-icon=\"file_download\"\n\t\t\t\t\t\tdata-qtmplayer-type=\"track\"\n\t\t\t class=\"qtmplayer-play qtmplayer-link-sec qtmplayer-play-btn\"><i class='material-icons'>play_arrow<\/i><\/span>\n\t\t<p>\n\t\t\t<span class=\"qtmplayer-tit\">Fi\u00e9is cat\u00f3licos oriundos de v\u00e1rios pontos iniciaram a peregrina\u00e7\u00e3o ao Santu\u00e1rio da Muxima<\/span>\n\t\t\t<span class=\"qtmplayer-art\">Ant\u00f3nio Augusto<\/span>\n\t\t<\/p>\n\t<\/li>\n\t\t<\/ul>\n\t<\/div>\t\t\t\n\t\n","protected":false},"excerpt":{"rendered":"<p>Mais de mil fi\u00e9is cat\u00f3licos iniciaram a peregrina\u00e7\u00e3o ao santu\u00e1rio da Muxima, no Icolo e Bengo. Os fi\u00e9is cat\u00f3licos, respondem assim, ao apelo do Arcebispo de Luanda, Dom Filomeno Vieira Dias. A Madre Laurinda, da congrega\u00e7\u00e3o dos irm\u00e3os Canuncianas, que integra a peregrina\u00e7\u00e3o, fala em experi\u00eancia excepcional. Clique no \u00e1udio ...<\/p>\n","protected":false},"author":23,"featured_media":230287,"comment_status":"closed","ping_status":"closed","sticky":false,"template":"","format":"standard","meta":[],"categories":[141,133,164],"tags":[],"_links":{"self":[{"href":"https:\/\/rna.ao\/rna.ao\/wp-json\/wp\/v2\/posts\/230284"}],"collection":[{"href":"https:\/\/rna.ao\/rna.ao\/wp-json\/wp\/v2\/posts"}],"about":[{"href":"https:\/\/rna.ao\/rna.ao\/wp-json\/wp\/v2\/types\/post"}],"author":[{"embeddable":true,"href":"https:\/\/rna.ao\/rna.ao\/wp-json\/wp\/v2\/users\/23"}],"replies":[{"embeddable":true,"href":"https:\/\/rna.ao\/rna.ao\/wp-json\/wp\/v2\/comments?post=230284"}],"version-history":[{"count":1,"href":"https:\/\/rna.ao\/rna.ao\/wp-json\/wp\/v2\/posts\/230284\/revisions"}],"predecessor-version":[{"id":230290,"href":"https:\/\/rna.ao\/rna.ao\/wp-json\/wp\/v2\/posts\/230284\/revisions\/230290"}],"wp:featuredmedia":[{"embeddable":true,"href":"https:\/\/rna.ao\/rna.ao\/wp-json\/wp\/v2\/media\/230287"}],"wp:attachment":[{"href":"https:\/\/rna.ao\/rna.ao\/wp-json\/wp\/v2\/media?parent=230284"}],"wp:term":[{"taxonomy":"category","embeddable":true,"href":"https:\/\/rna.ao\/rna.ao\/wp-json\/wp\/v2\/categories?post=230284"},{"taxonomy":"post_tag","embeddable":true,"href":"https:\/\/rna.ao\/rna.ao\/wp-json\/wp\/v2\/tags?post=230284"}],"curies":[{"name":"wp","href":"https:\/\/api.w.org\/{rel}","templated":true}]}}