{"id":230281,"date":"2026-09-05T12:55:07","date_gmt":"2026-09-05T11:55:07","guid":{"rendered":"https:\/\/rna.ao\/rna.ao\/?p=230281"},"modified":"2026-09-05T12:55:07","modified_gmt":"2026-09-05T11:55:07","slug":"onu-lamenta-a-morte-de-mais-de-oitenta-pessoas-em-embarcacao-nas-canarias","status":"publish","type":"post","link":"https:\/\/rna.ao\/rna.ao\/2026\/09\/05\/onu-lamenta-a-morte-de-mais-de-oitenta-pessoas-em-embarcacao-nas-canarias\/","title":{"rendered":"ONU lamenta a morte de mais de oitenta pessoas em embarca\u00e7\u00e3o nas Can\u00e1rias"},"content":{"rendered":"<p><img loading=\"lazy\" class=\"wp-image-230282 aligncenter\" src=\"https:\/\/rna.ao\/rna.ao\/wp-content\/uploads\/2026\/09\/ONU-lamenta-a-morte-de-mais-de-oitenta-pessoas-em-embarcacao-nas-canarias.jpg\" alt=\"\" width=\"409\" height=\"230\" \/>A ONU descreve como uma &#8220;hist\u00f3ria tr\u00e1gica&#8221; a morte de mais de 80 pessoas numa embarca\u00e7\u00e3o \u00e0 deriva ao sul do arquip\u00e9lago espanhol das Can\u00e1rias e destacou os riscos &#8220;extremos&#8221; enfrentados por alguns migrantes.<\/p>\n<p>&#8220;H\u00e1 muitas hist\u00f3rias de migrantes que morreram no mar e acho importante n\u00e3o as esquecermos (&#8230;). Os nossos pensamentos est\u00e3o com os sobreviventes e as fam\u00edlias que ainda aguardam not\u00edcias&#8221;, disse St\u00e9phane Dujarric, porta-voz do secret\u00e1rio-geral, na sua confer\u00eancia de imprensa di\u00e1ria.<\/p>\n<p>O ACNUR, Ag\u00eancia da ONU para Refugiados, destacou que a trag\u00e9dia &#8220;ressalta os riscos extremos enfrentados por aqueles que empreendem jornadas perigosas, incluindo pessoas que fogem de conflitos, viol\u00eancia e persegui\u00e7\u00e3o&#8221;.<\/p>\n","protected":false},"excerpt":{"rendered":"<p>A ONU descreve como uma &#8220;hist\u00f3ria tr\u00e1gica&#8221; a morte de mais de 80 pessoas numa embarca\u00e7\u00e3o \u00e0 deriva ao sul do arquip\u00e9lago espanhol das Can\u00e1rias e destacou os riscos &#8220;extremos&#8221; enfrentados por alguns migrantes. &#8220;H\u00e1 muitas hist\u00f3rias de migrantes que morreram no mar e acho importante n\u00e3o as esquecermos (&#8230;). ...<\/p>\n","protected":false},"author":23,"featured_media":230282,"comment_status":"closed","ping_status":"closed","sticky":false,"template":"","format":"standard","meta":[],"categories":[143,137,164],"tags":[],"_links":{"self":[{"href":"https:\/\/rna.ao\/rna.ao\/wp-json\/wp\/v2\/posts\/230281"}],"collection":[{"href":"https:\/\/rna.ao\/rna.ao\/wp-json\/wp\/v2\/posts"}],"about":[{"href":"https:\/\/rna.ao\/rna.ao\/wp-json\/wp\/v2\/types\/post"}],"author":[{"embeddable":true,"href":"https:\/\/rna.ao\/rna.ao\/wp-json\/wp\/v2\/users\/23"}],"replies":[{"embeddable":true,"href":"https:\/\/rna.ao\/rna.ao\/wp-json\/wp\/v2\/comments?post=230281"}],"version-history":[{"count":1,"href":"https:\/\/rna.ao\/rna.ao\/wp-json\/wp\/v2\/posts\/230281\/revisions"}],"predecessor-version":[{"id":230283,"href":"https:\/\/rna.ao\/rna.ao\/wp-json\/wp\/v2\/posts\/230281\/revisions\/230283"}],"wp:featuredmedia":[{"embeddable":true,"href":"https:\/\/rna.ao\/rna.ao\/wp-json\/wp\/v2\/media\/230282"}],"wp:attachment":[{"href":"https:\/\/rna.ao\/rna.ao\/wp-json\/wp\/v2\/media?parent=230281"}],"wp:term":[{"taxonomy":"category","embeddable":true,"href":"https:\/\/rna.ao\/rna.ao\/wp-json\/wp\/v2\/categories?post=230281"},{"taxonomy":"post_tag","embeddable":true,"href":"https:\/\/rna.ao\/rna.ao\/wp-json\/wp\/v2\/tags?post=230281"}],"curies":[{"name":"wp","href":"https:\/\/api.w.org\/{rel}","templated":true}]}}