{"id":230275,"date":"2026-09-05T12:45:55","date_gmt":"2026-09-05T11:45:55","guid":{"rendered":"https:\/\/rna.ao\/rna.ao\/?p=230275"},"modified":"2026-09-05T12:45:55","modified_gmt":"2026-09-05T11:45:55","slug":"efeitos-da-seca-pode-ficar-ultrapassado-com-a-inauguracao-das-barragens-de-ndue-e-do-calucuve","status":"publish","type":"post","link":"https:\/\/rna.ao\/rna.ao\/2026\/09\/05\/efeitos-da-seca-pode-ficar-ultrapassado-com-a-inauguracao-das-barragens-de-ndue-e-do-calucuve\/","title":{"rendered":"Efeitos da seca pode ficar ultrapassado com a inaugura\u00e7\u00e3o das barragens de Ndue e do Calucuve"},"content":{"rendered":"<p><img loading=\"lazy\" class=\"wp-image-230273 aligncenter\" src=\"https:\/\/rna.ao\/rna.ao\/wp-content\/uploads\/2026\/09\/barragens-do-Ndue-e-do-Calucuveee.jpg\" alt=\"\" width=\"447\" height=\"256\" \/>A popula\u00e7\u00e3o do Cunene, est\u00e1 expectante com a entrada em funcionamento das duas hidroel\u00e9ctricas. Os populares acreditam que o impacto negativo da seca na prov\u00edncia, vai ficar ultrapassado. Clique no link abaixo e saiba mais com o jornalista Leo Adriano:<\/p>\n\t<div class=\"qtmplayer-playlist-large\">\n\t\t<ul class=\"qtmplayer-playlist\">\n\t\t\t\n\t\t\t\t\t<li class=\"qtmplayer-trackitem\">\n\t\t<img src=\"https:\/\/rna.ao\/rna.ao\/wp-content\/uploads\/2026\/09\/barragens-do-Ndue-e-do-Calucuvee-100x100.jpg\" alt=\"cover\">\t\t<span \t\t\tdata-qtmplayer-cover=\"https:\/\/rna.ao\/rna.ao\/wp-content\/uploads\/2026\/09\/barragens-do-Ndue-e-do-Calucuvee.jpg\"\n\t\t\t\t\t\tdata-qtmplayer-file=\"https:\/\/rna.ao\/rna.ao\/wp-content\/uploads\/2026\/09\/CUNENE-BARRAGEM-20HRS.mp3\"\n\t\t\t\t\t\tdata-qtmplayer-title=\"Efeitos da seca pode ficar ultrapassado com a inaugura\u00e7\u00e3o das barragens de Ndue e do Calucuve\"\n\t\t\t\t\t\tdata-qtmplayer-artist=\"Ant\u00f3nio Augusto\"\n\t\t\t\t\t\tdata-qtmplayer-link=\"https:\/\/rna.ao\/rna.ao\/2026\/09\/05\/efeitos-da-seca-pode-ficar-ultrapassado-com-a-inauguracao-das-barragens-de-ndue-e-do-calucuve\/\"\n\t\t\t\t\t\tdata-qtmplayer-icon=\"file_download\"\n\t\t\t\t\t\tdata-qtmplayer-type=\"track\"\n\t\t\t class=\"qtmplayer-play qtmplayer-link-sec qtmplayer-play-btn\"><i class='material-icons'>play_arrow<\/i><\/span>\n\t\t<p>\n\t\t\t<span class=\"qtmplayer-tit\">Efeitos da seca pode ficar ultrapassado com a inaugura\u00e7\u00e3o das barragens de Ndue e do Calucuve<\/span>\n\t\t\t<span class=\"qtmplayer-art\">Ant\u00f3nio Augusto<\/span>\n\t\t<\/p>\n\t<\/li>\n\t\t<\/ul>\n\t<\/div>\t\t\t\n\t\n","protected":false},"excerpt":{"rendered":"<p>A popula\u00e7\u00e3o do Cunene, est\u00e1 expectante com a entrada em funcionamento das duas hidroel\u00e9ctricas. Os populares acreditam que o impacto negativo da seca na prov\u00edncia, vai ficar ultrapassado. Clique no link abaixo e saiba mais com o jornalista Leo Adriano:<\/p>\n","protected":false},"author":23,"featured_media":230272,"comment_status":"closed","ping_status":"closed","sticky":false,"template":"","format":"standard","meta":[],"categories":[142,121,163],"tags":[],"_links":{"self":[{"href":"https:\/\/rna.ao\/rna.ao\/wp-json\/wp\/v2\/posts\/230275"}],"collection":[{"href":"https:\/\/rna.ao\/rna.ao\/wp-json\/wp\/v2\/posts"}],"about":[{"href":"https:\/\/rna.ao\/rna.ao\/wp-json\/wp\/v2\/types\/post"}],"author":[{"embeddable":true,"href":"https:\/\/rna.ao\/rna.ao\/wp-json\/wp\/v2\/users\/23"}],"replies":[{"embeddable":true,"href":"https:\/\/rna.ao\/rna.ao\/wp-json\/wp\/v2\/comments?post=230275"}],"version-history":[{"count":1,"href":"https:\/\/rna.ao\/rna.ao\/wp-json\/wp\/v2\/posts\/230275\/revisions"}],"predecessor-version":[{"id":230277,"href":"https:\/\/rna.ao\/rna.ao\/wp-json\/wp\/v2\/posts\/230275\/revisions\/230277"}],"wp:featuredmedia":[{"embeddable":true,"href":"https:\/\/rna.ao\/rna.ao\/wp-json\/wp\/v2\/media\/230272"}],"wp:attachment":[{"href":"https:\/\/rna.ao\/rna.ao\/wp-json\/wp\/v2\/media?parent=230275"}],"wp:term":[{"taxonomy":"category","embeddable":true,"href":"https:\/\/rna.ao\/rna.ao\/wp-json\/wp\/v2\/categories?post=230275"},{"taxonomy":"post_tag","embeddable":true,"href":"https:\/\/rna.ao\/rna.ao\/wp-json\/wp\/v2\/tags?post=230275"}],"curies":[{"name":"wp","href":"https:\/\/api.w.org\/{rel}","templated":true}]}}