{"id":230262,"date":"2026-09-05T12:39:10","date_gmt":"2026-09-05T11:39:10","guid":{"rendered":"https:\/\/rna.ao\/rna.ao\/?p=230262"},"modified":"2026-09-05T12:39:10","modified_gmt":"2026-09-05T11:39:10","slug":"cunene-ganha-duas-barragens-consideradas-estrategia-no-combate-a-seca-no-sul-de-angola","status":"publish","type":"post","link":"https:\/\/rna.ao\/rna.ao\/2026\/09\/05\/cunene-ganha-duas-barragens-consideradas-estrategia-no-combate-a-seca-no-sul-de-angola\/","title":{"rendered":"Cunene ganha duas barragens consideradas estrat\u00e9gia no combate a seca no sul de Angola"},"content":{"rendered":"<p><img loading=\"lazy\" class=\"wp-image-230273 aligncenter\" src=\"https:\/\/rna.ao\/rna.ao\/wp-content\/uploads\/2026\/09\/barragens-do-Ndue-e-do-Calucuveee.jpg\" alt=\"\" width=\"356\" height=\"204\" \/>O Presidente da Rep\u00fablica Jo\u00e3o Louren\u00e7o, inaugura neste s\u00e1bado, 05, duas infraestruturas estrat\u00e9gicas na prov\u00edncia do Cunene. Trata-se das barragens do Ndue e do Calucuve, projectos estruturantes ligados ao combate a seca no sul de Angola. Ou\u00e7a o desenvolvimento desta mat\u00e9ria na voz do jornalista Augusto Jos\u00e9 clicando no \u00e1udio abaixo:<\/p>\n\t<div class=\"qtmplayer-playlist-large\">\n\t\t<ul class=\"qtmplayer-playlist\">\n\t\t\t\n\t\t\t\t\t<li class=\"qtmplayer-trackitem\">\n\t\t<img src=\"https:\/\/rna.ao\/rna.ao\/wp-content\/uploads\/2026\/09\/barragens-do-Ndue-e-do-Calucuvef-100x100.jpg\" alt=\"cover\">\t\t<span \t\t\tdata-qtmplayer-cover=\"https:\/\/rna.ao\/rna.ao\/wp-content\/uploads\/2026\/09\/barragens-do-Ndue-e-do-Calucuvef-370x370.jpg\"\n\t\t\t\t\t\tdata-qtmplayer-file=\"https:\/\/rna.ao\/rna.ao\/wp-content\/uploads\/2026\/09\/AUGUSTO-JOSE-20-HRS.mp3\"\n\t\t\t\t\t\tdata-qtmplayer-title=\"Cunene ganha duas barragens consideradas estrat\u00e9gia no combate a seca no sul de Angola\"\n\t\t\t\t\t\tdata-qtmplayer-artist=\"Ant\u00f3nio Augusto\"\n\t\t\t\t\t\tdata-qtmplayer-link=\"https:\/\/rna.ao\/rna.ao\/2026\/09\/05\/cunene-ganha-duas-barragens-consideradas-estrategia-no-combate-a-seca-no-sul-de-angola\/\"\n\t\t\t\t\t\tdata-qtmplayer-icon=\"file_download\"\n\t\t\t\t\t\tdata-qtmplayer-type=\"track\"\n\t\t\t class=\"qtmplayer-play qtmplayer-link-sec qtmplayer-play-btn\"><i class='material-icons'>play_arrow<\/i><\/span>\n\t\t<p>\n\t\t\t<span class=\"qtmplayer-tit\">Cunene ganha duas barragens consideradas estrat\u00e9gia no combate a seca no sul de Angola<\/span>\n\t\t\t<span class=\"qtmplayer-art\">Ant\u00f3nio Augusto<\/span>\n\t\t<\/p>\n\t<\/li>\n\t\t<\/ul>\n\t<\/div>\t\t\t\n\t\n","protected":false},"excerpt":{"rendered":"<p>O Presidente da Rep\u00fablica Jo\u00e3o Louren\u00e7o, inaugura neste s\u00e1bado, 05, duas infraestruturas estrat\u00e9gicas na prov\u00edncia do Cunene. Trata-se das barragens do Ndue e do Calucuve, projectos estruturantes ligados ao combate a seca no sul de Angola. Ou\u00e7a o desenvolvimento desta mat\u00e9ria na voz do jornalista Augusto Jos\u00e9 clicando no \u00e1udio ...<\/p>\n","protected":false},"author":23,"featured_media":230271,"comment_status":"closed","ping_status":"closed","sticky":false,"template":"","format":"standard","meta":[],"categories":[142,121,163],"tags":[],"_links":{"self":[{"href":"https:\/\/rna.ao\/rna.ao\/wp-json\/wp\/v2\/posts\/230262"}],"collection":[{"href":"https:\/\/rna.ao\/rna.ao\/wp-json\/wp\/v2\/posts"}],"about":[{"href":"https:\/\/rna.ao\/rna.ao\/wp-json\/wp\/v2\/types\/post"}],"author":[{"embeddable":true,"href":"https:\/\/rna.ao\/rna.ao\/wp-json\/wp\/v2\/users\/23"}],"replies":[{"embeddable":true,"href":"https:\/\/rna.ao\/rna.ao\/wp-json\/wp\/v2\/comments?post=230262"}],"version-history":[{"count":1,"href":"https:\/\/rna.ao\/rna.ao\/wp-json\/wp\/v2\/posts\/230262\/revisions"}],"predecessor-version":[{"id":230274,"href":"https:\/\/rna.ao\/rna.ao\/wp-json\/wp\/v2\/posts\/230262\/revisions\/230274"}],"wp:featuredmedia":[{"embeddable":true,"href":"https:\/\/rna.ao\/rna.ao\/wp-json\/wp\/v2\/media\/230271"}],"wp:attachment":[{"href":"https:\/\/rna.ao\/rna.ao\/wp-json\/wp\/v2\/media?parent=230262"}],"wp:term":[{"taxonomy":"category","embeddable":true,"href":"https:\/\/rna.ao\/rna.ao\/wp-json\/wp\/v2\/categories?post=230262"},{"taxonomy":"post_tag","embeddable":true,"href":"https:\/\/rna.ao\/rna.ao\/wp-json\/wp\/v2\/tags?post=230262"}],"curies":[{"name":"wp","href":"https:\/\/api.w.org\/{rel}","templated":true}]}}