{"id":230253,"date":"2026-09-05T12:19:25","date_gmt":"2026-09-05T11:19:25","guid":{"rendered":"https:\/\/rna.ao\/rna.ao\/?p=230253"},"modified":"2026-09-05T12:19:25","modified_gmt":"2026-09-05T11:19:25","slug":"taca-das-confederacoes-williete-de-benguela-estreia-se-no-lubango-diante-do-foresters","status":"publish","type":"post","link":"https:\/\/rna.ao\/rna.ao\/2026\/09\/05\/taca-das-confederacoes-williete-de-benguela-estreia-se-no-lubango-diante-do-foresters\/","title":{"rendered":"Ta\u00e7a das Confedera\u00e7\u00f5es: Williete de Benguela estreia-se no Lubango diante do Foresters"},"content":{"rendered":"<p style=\"font-weight: 400;\"><img loading=\"lazy\" class=\"wp-image-230258 alignleft\" src=\"https:\/\/rna.ao\/rna.ao\/wp-content\/uploads\/2026\/09\/Williete-de-Benguelad-616x770.jpg\" alt=\"\" width=\"235\" height=\"294\" srcset=\"https:\/\/rna.ao\/rna.ao\/wp-content\/uploads\/2026\/09\/Williete-de-Benguelad-616x770.jpg 616w, https:\/\/rna.ao\/rna.ao\/wp-content\/uploads\/2026\/09\/Williete-de-Benguelad-768x960.jpg 768w, https:\/\/rna.ao\/rna.ao\/wp-content\/uploads\/2026\/09\/Williete-de-Benguelad.jpg 894w\" sizes=\"(max-width: 235px) 100vw, 235px\" \/>O vice-campe\u00e3o nacional da Liga UNITEL Girabola edi\u00e7\u00e3o 2025\/2026, Williete de Benguela vai receber \u00e0s 16h00 no Est\u00e1dio Nacional Tundavala, na cidade do Lubango, o Foresters das Ilhas Seychelles. O t\u00e9cnico hispano-brasileiro, Beto Bianchi, est\u00e1 expectante e espera come\u00e7ar com p\u00e9 direito esta empreitada, alertando que felizmente n\u00e3o vai entrar \u00e0s escuras.\u00a0Clique no \u00e1udio abaixo e ou\u00e7a:<\/p>\n\t<div class=\"qtmplayer-playlist-large\">\n\t\t<ul class=\"qtmplayer-playlist\">\n\t\t\t\n\t\t\t\t\t<li class=\"qtmplayer-trackitem\">\n\t\t<img src=\"https:\/\/rna.ao\/rna.ao\/wp-content\/uploads\/2026\/09\/Williete-de-Benguelag-100x100.jpg\" alt=\"cover\">\t\t<span \t\t\tdata-qtmplayer-cover=\"https:\/\/rna.ao\/rna.ao\/wp-content\/uploads\/2026\/09\/Williete-de-Benguelag-370x370.jpg\"\n\t\t\t\t\t\tdata-qtmplayer-file=\"https:\/\/rna.ao\/rna.ao\/wp-content\/uploads\/2026\/09\/10-BETO-BIANCH-05-09-26.mp3\"\n\t\t\t\t\t\tdata-qtmplayer-title=\"Ta\u00e7a das Confedera\u00e7\u00f5es: Williete de Benguela estreia-se no Lubango diante do Foresters\"\n\t\t\t\t\t\tdata-qtmplayer-artist=\"Ant\u00f3nio Augusto\"\n\t\t\t\t\t\tdata-qtmplayer-link=\"https:\/\/rna.ao\/rna.ao\/2026\/09\/05\/taca-das-confederacoes-williete-de-benguela-estreia-se-no-lubango-diante-do-foresters\/\"\n\t\t\t\t\t\tdata-qtmplayer-icon=\"file_download\"\n\t\t\t\t\t\tdata-qtmplayer-type=\"track\"\n\t\t\t class=\"qtmplayer-play qtmplayer-link-sec qtmplayer-play-btn\"><i class='material-icons'>play_arrow<\/i><\/span>\n\t\t<p>\n\t\t\t<span class=\"qtmplayer-tit\">Ta\u00e7a das Confedera\u00e7\u00f5es: Williete de Benguela estreia-se no Lubango diante do Foresters<\/span>\n\t\t\t<span class=\"qtmplayer-art\">Ant\u00f3nio Augusto<\/span>\n\t\t<\/p>\n\t<\/li>\n\t\t<\/ul>\n\t<\/div>\t\t\t\n\t\n<p>Do ponto de vista administrativo, o vice-presidente Vitorino Vissele, garante que j\u00e1 est\u00e3o a preparar esta eliminat\u00f3ria h\u00e1 tempo suficiente. \u00a0Clique no \u00e1udio abaixo e ou\u00e7a:<\/p>\n\t<div class=\"qtmplayer-playlist-large\">\n\t\t<ul class=\"qtmplayer-playlist\">\n\t\t\t\n\t\t\t\t\t<li class=\"qtmplayer-trackitem\">\n\t\t<img src=\"https:\/\/rna.ao\/rna.ao\/wp-content\/uploads\/2026\/09\/Williete-de-Benguelag-100x100.jpg\" alt=\"cover\">\t\t<span \t\t\tdata-qtmplayer-cover=\"https:\/\/rna.ao\/rna.ao\/wp-content\/uploads\/2026\/09\/Williete-de-Benguelag-370x370.jpg\"\n\t\t\t\t\t\tdata-qtmplayer-file=\"https:\/\/rna.ao\/rna.ao\/wp-content\/uploads\/2026\/09\/13-VICTOR-JOAO-05-09-26.mp3\"\n\t\t\t\t\t\tdata-qtmplayer-title=\"Ta\u00e7a das Confedera\u00e7\u00f5es: Williete de Benguela estreia-se no Lubango diante do Foresters\"\n\t\t\t\t\t\tdata-qtmplayer-artist=\"Ant\u00f3nio Augusto\"\n\t\t\t\t\t\tdata-qtmplayer-link=\"https:\/\/rna.ao\/rna.ao\/2026\/09\/05\/taca-das-confederacoes-williete-de-benguela-estreia-se-no-lubango-diante-do-foresters\/\"\n\t\t\t\t\t\tdata-qtmplayer-icon=\"file_download\"\n\t\t\t\t\t\tdata-qtmplayer-type=\"track\"\n\t\t\t class=\"qtmplayer-play qtmplayer-link-sec qtmplayer-play-btn\"><i class='material-icons'>play_arrow<\/i><\/span>\n\t\t<p>\n\t\t\t<span class=\"qtmplayer-tit\">Ta\u00e7a das Confedera\u00e7\u00f5es: Williete de Benguela estreia-se no Lubango diante do Foresters<\/span>\n\t\t\t<span class=\"qtmplayer-art\">Ant\u00f3nio Augusto<\/span>\n\t\t<\/p>\n\t<\/li>\n\t\t<\/ul>\n\t<\/div>\t\t\t\n\t\n","protected":false},"excerpt":{"rendered":"<p>O vice-campe\u00e3o nacional da Liga UNITEL Girabola edi\u00e7\u00e3o 2025\/2026, Williete de Benguela vai receber \u00e0s 16h00 no Est\u00e1dio Nacional Tundavala, na cidade do Lubango, o Foresters das Ilhas Seychelles. O t\u00e9cnico hispano-brasileiro, Beto Bianchi, est\u00e1 expectante e espera come\u00e7ar com p\u00e9 direito esta empreitada, alertando que felizmente n\u00e3o vai entrar ...<\/p>\n","protected":false},"author":23,"featured_media":230259,"comment_status":"closed","ping_status":"closed","sticky":false,"template":"","format":"standard","meta":[],"categories":[145,125,164],"tags":[],"_links":{"self":[{"href":"https:\/\/rna.ao\/rna.ao\/wp-json\/wp\/v2\/posts\/230253"}],"collection":[{"href":"https:\/\/rna.ao\/rna.ao\/wp-json\/wp\/v2\/posts"}],"about":[{"href":"https:\/\/rna.ao\/rna.ao\/wp-json\/wp\/v2\/types\/post"}],"author":[{"embeddable":true,"href":"https:\/\/rna.ao\/rna.ao\/wp-json\/wp\/v2\/users\/23"}],"replies":[{"embeddable":true,"href":"https:\/\/rna.ao\/rna.ao\/wp-json\/wp\/v2\/comments?post=230253"}],"version-history":[{"count":1,"href":"https:\/\/rna.ao\/rna.ao\/wp-json\/wp\/v2\/posts\/230253\/revisions"}],"predecessor-version":[{"id":230260,"href":"https:\/\/rna.ao\/rna.ao\/wp-json\/wp\/v2\/posts\/230253\/revisions\/230260"}],"wp:featuredmedia":[{"embeddable":true,"href":"https:\/\/rna.ao\/rna.ao\/wp-json\/wp\/v2\/media\/230259"}],"wp:attachment":[{"href":"https:\/\/rna.ao\/rna.ao\/wp-json\/wp\/v2\/media?parent=230253"}],"wp:term":[{"taxonomy":"category","embeddable":true,"href":"https:\/\/rna.ao\/rna.ao\/wp-json\/wp\/v2\/categories?post=230253"},{"taxonomy":"post_tag","embeddable":true,"href":"https:\/\/rna.ao\/rna.ao\/wp-json\/wp\/v2\/tags?post=230253"}],"curies":[{"name":"wp","href":"https:\/\/api.w.org\/{rel}","templated":true}]}}