{"id":230245,"date":"2026-09-05T12:04:18","date_gmt":"2026-09-05T11:04:18","guid":{"rendered":"https:\/\/rna.ao\/rna.ao\/?p=230245"},"modified":"2026-09-05T12:04:18","modified_gmt":"2026-09-05T11:04:18","slug":"petro-de-luanda-inicia-caminhada-africana-em-maputo-as-14h00","status":"publish","type":"post","link":"https:\/\/rna.ao\/rna.ao\/2026\/09\/05\/petro-de-luanda-inicia-caminhada-africana-em-maputo-as-14h00\/","title":{"rendered":"Petro de Luanda inicia caminhada africana em Maputo \u00e0s 14h00"},"content":{"rendered":"<p style=\"font-weight: 400;\"><img loading=\"lazy\" class=\"wp-image-230248 aligncenter\" src=\"https:\/\/rna.ao\/rna.ao\/wp-content\/uploads\/2026\/09\/Joao-Pedro-Sousa.jpg\" alt=\"\" width=\"318\" height=\"268\" \/>O campe\u00e3o nacional Petro de Luanda joga amanh\u00e3, domingo, 06, em Maputo, Rep\u00fablica de\u00a0 Mo\u00e7ambique, \u00e0s 14:00 no Est\u00e1dio Nacional do Zimpeto, com o Uni\u00e3o Desportiva de Songo. O t\u00e9cnico do campe\u00e3o angolano, Jo\u00e3o Pedro Sousa, espera por dificuldades, mas deixa claro que tudo v\u00e3o fazer para come\u00e7ar com vit\u00f3ria e assim dar alegria \u00e0 sua exigente massa associativa.\u00a0Clique no \u00e1udio abaixo e ou\u00e7a:<\/p>\n\t<div class=\"qtmplayer-playlist-large\">\n\t\t<ul class=\"qtmplayer-playlist\">\n\t\t\t\n\t\t\t\t\t<li class=\"qtmplayer-trackitem\">\n\t\t<img src=\"https:\/\/rna.ao\/rna.ao\/wp-content\/uploads\/2026\/09\/petroi-100x100.jpg\" alt=\"cover\">\t\t<span \t\t\tdata-qtmplayer-cover=\"https:\/\/rna.ao\/rna.ao\/wp-content\/uploads\/2026\/09\/petroi-370x370.jpg\"\n\t\t\t\t\t\tdata-qtmplayer-file=\"https:\/\/rna.ao\/rna.ao\/wp-content\/uploads\/2026\/09\/8-JOAO-PEDRO-SOUSA-05-09-26.mp3\"\n\t\t\t\t\t\tdata-qtmplayer-title=\"Petro de Luanda inicia caminhada africana em Maputo \u00e0s 14h00\"\n\t\t\t\t\t\tdata-qtmplayer-artist=\"Ant\u00f3nio Augusto\"\n\t\t\t\t\t\tdata-qtmplayer-link=\"https:\/\/rna.ao\/rna.ao\/2026\/09\/05\/petro-de-luanda-inicia-caminhada-africana-em-maputo-as-14h00\/\"\n\t\t\t\t\t\tdata-qtmplayer-icon=\"file_download\"\n\t\t\t\t\t\tdata-qtmplayer-type=\"track\"\n\t\t\t class=\"qtmplayer-play qtmplayer-link-sec qtmplayer-play-btn\"><i class='material-icons'>play_arrow<\/i><\/span>\n\t\t<p>\n\t\t\t<span class=\"qtmplayer-tit\">Petro de Luanda inicia caminhada africana em Maputo \u00e0s 14h00<\/span>\n\t\t\t<span class=\"qtmplayer-art\">Ant\u00f3nio Augusto<\/span>\n\t\t<\/p>\n\t<\/li>\n\t\t<\/ul>\n\t<\/div>\t\t\t\n\t\n<p>Estes garantem ter a equipa preparada para bater o p\u00e9 ao colosso angolano, maximizando o fator casa, conforme avan\u00e7a o Director Desportivo do clube, Ant\u00f3nio Trigo \u201cPaulito\u201d. Clique no \u00e1udio abaixo e ou\u00e7a:<\/p>\n\t<div class=\"qtmplayer-playlist-large\">\n\t\t<ul class=\"qtmplayer-playlist\">\n\t\t\t\n\t\t\t\t\t<li class=\"qtmplayer-trackitem\">\n\t\t<img src=\"https:\/\/rna.ao\/rna.ao\/wp-content\/uploads\/2026\/09\/petroi-100x100.jpg\" alt=\"cover\">\t\t<span \t\t\tdata-qtmplayer-cover=\"https:\/\/rna.ao\/rna.ao\/wp-content\/uploads\/2026\/09\/petroi-370x370.jpg\"\n\t\t\t\t\t\tdata-qtmplayer-file=\"https:\/\/rna.ao\/rna.ao\/wp-content\/uploads\/2026\/09\/9-ANTONIO-TRIGO-05-09-26.mp3\"\n\t\t\t\t\t\tdata-qtmplayer-title=\"Petro de Luanda inicia caminhada africana em Maputo \u00e0s 14h00\"\n\t\t\t\t\t\tdata-qtmplayer-artist=\"Ant\u00f3nio Augusto\"\n\t\t\t\t\t\tdata-qtmplayer-link=\"https:\/\/rna.ao\/rna.ao\/2026\/09\/05\/petro-de-luanda-inicia-caminhada-africana-em-maputo-as-14h00\/\"\n\t\t\t\t\t\tdata-qtmplayer-icon=\"file_download\"\n\t\t\t\t\t\tdata-qtmplayer-type=\"track\"\n\t\t\t class=\"qtmplayer-play qtmplayer-link-sec qtmplayer-play-btn\"><i class='material-icons'>play_arrow<\/i><\/span>\n\t\t<p>\n\t\t\t<span class=\"qtmplayer-tit\">Petro de Luanda inicia caminhada africana em Maputo \u00e0s 14h00<\/span>\n\t\t\t<span class=\"qtmplayer-art\">Ant\u00f3nio Augusto<\/span>\n\t\t<\/p>\n\t<\/li>\n\t\t<\/ul>\n\t<\/div>\t\t\t\n\t\n","protected":false},"excerpt":{"rendered":"<p>O campe\u00e3o nacional Petro de Luanda joga amanh\u00e3, domingo, 06, em Maputo, Rep\u00fablica de\u00a0 Mo\u00e7ambique, \u00e0s 14:00 no Est\u00e1dio Nacional do Zimpeto, com o Uni\u00e3o Desportiva de Songo. O t\u00e9cnico do campe\u00e3o angolano, Jo\u00e3o Pedro Sousa, espera por dificuldades, mas deixa claro que tudo v\u00e3o fazer para come\u00e7ar com vit\u00f3ria ...<\/p>\n","protected":false},"author":23,"featured_media":230250,"comment_status":"closed","ping_status":"closed","sticky":false,"template":"","format":"standard","meta":[],"categories":[145,125,164],"tags":[],"_links":{"self":[{"href":"https:\/\/rna.ao\/rna.ao\/wp-json\/wp\/v2\/posts\/230245"}],"collection":[{"href":"https:\/\/rna.ao\/rna.ao\/wp-json\/wp\/v2\/posts"}],"about":[{"href":"https:\/\/rna.ao\/rna.ao\/wp-json\/wp\/v2\/types\/post"}],"author":[{"embeddable":true,"href":"https:\/\/rna.ao\/rna.ao\/wp-json\/wp\/v2\/users\/23"}],"replies":[{"embeddable":true,"href":"https:\/\/rna.ao\/rna.ao\/wp-json\/wp\/v2\/comments?post=230245"}],"version-history":[{"count":1,"href":"https:\/\/rna.ao\/rna.ao\/wp-json\/wp\/v2\/posts\/230245\/revisions"}],"predecessor-version":[{"id":230251,"href":"https:\/\/rna.ao\/rna.ao\/wp-json\/wp\/v2\/posts\/230245\/revisions\/230251"}],"wp:featuredmedia":[{"embeddable":true,"href":"https:\/\/rna.ao\/rna.ao\/wp-json\/wp\/v2\/media\/230250"}],"wp:attachment":[{"href":"https:\/\/rna.ao\/rna.ao\/wp-json\/wp\/v2\/media?parent=230245"}],"wp:term":[{"taxonomy":"category","embeddable":true,"href":"https:\/\/rna.ao\/rna.ao\/wp-json\/wp\/v2\/categories?post=230245"},{"taxonomy":"post_tag","embeddable":true,"href":"https:\/\/rna.ao\/rna.ao\/wp-json\/wp\/v2\/tags?post=230245"}],"curies":[{"name":"wp","href":"https:\/\/api.w.org\/{rel}","templated":true}]}}