{"id":230239,"date":"2026-09-05T11:52:47","date_gmt":"2026-09-05T10:52:47","guid":{"rendered":"https:\/\/rna.ao\/rna.ao\/?p=230239"},"modified":"2026-09-05T12:05:03","modified_gmt":"2026-09-05T11:05:03","slug":"embaixadores-angolanos-na-taca-caf-sao-os-primeiros-a-entrar-em-cena-na-expectativa-de-uma-entrada-em-grande-nas-afrotacas","status":"publish","type":"post","link":"https:\/\/rna.ao\/rna.ao\/2026\/09\/05\/embaixadores-angolanos-na-taca-caf-sao-os-primeiros-a-entrar-em-cena-na-expectativa-de-uma-entrada-em-grande-nas-afrotacas\/","title":{"rendered":"Embaixadores angolanos na Ta\u00e7a CAF s\u00e3o os primeiros a entrar em cena na expectativa de uma entrada em grande nas Afrota\u00e7as"},"content":{"rendered":"<p style=\"font-weight: 400;\"><img loading=\"lazy\" class=\"wp-image-139480 aligncenter\" src=\"https:\/\/rna.ao\/rna.ao\/wp-content\/uploads\/2024\/05\/dagosto-BRAVOS-E-1-DE-Agosto.jpg\" alt=\"\" width=\"319\" height=\"240\" \/>O 1\u00ba D\u2019Agosto e o Kabuscorp do Palanca v\u00e3o ser os primeiros embaixadores angolanos a entrar em cena nas competi\u00e7\u00f5es mais importantes sob a \u00e9gide da CAF. Para a prova tamb\u00e9m conhecida como Trof\u00e9u \u201cNelson Mandela\u201d, os rubro-negros defrontam na tarde deste s\u00e1bado \u00e0s 14h00, o Green Mamba de Essuatini, no arranque das eliminat\u00f3rias que garantir\u00e3o o acesso \u00e0 fase de grupos da Ta\u00e7a CAF. O m\u00e9dio defensivo, Makaia, diz que o ambiente no seio do grupo \u00e9 de expectativa e cren\u00e7a num come\u00e7o com vit\u00f3ria.\u00a0Clique no \u00e1udio abaixo e ou\u00e7a:<\/p>\n\t<div class=\"qtmplayer-playlist-large\">\n\t\t<ul class=\"qtmplayer-playlist\">\n\t\t\t\n\t\t\t\t\t<li class=\"qtmplayer-trackitem\">\n\t\t<img src=\"https:\/\/rna.ao\/rna.ao\/wp-content\/uploads\/2024\/05\/dagosto-BRAVOS-E-1-DE-Agosto-100x100.jpg\" alt=\"cover\">\t\t<span \t\t\tdata-qtmplayer-cover=\"https:\/\/rna.ao\/rna.ao\/wp-content\/uploads\/2024\/05\/dagosto-BRAVOS-E-1-DE-Agosto.jpg\"\n\t\t\t\t\t\tdata-qtmplayer-file=\"https:\/\/rna.ao\/rna.ao\/wp-content\/uploads\/2026\/09\/6-MAKAIA-05-09-26.mp3\"\n\t\t\t\t\t\tdata-qtmplayer-title=\"Embaixadores angolanos na Ta\u00e7a CAF s\u00e3o os primeiros a entrar em cena na expectativa de uma entrada em grande nas Afrota\u00e7as\"\n\t\t\t\t\t\tdata-qtmplayer-artist=\"Ant\u00f3nio Augusto\"\n\t\t\t\t\t\tdata-qtmplayer-link=\"https:\/\/rna.ao\/rna.ao\/2026\/09\/05\/embaixadores-angolanos-na-taca-caf-sao-os-primeiros-a-entrar-em-cena-na-expectativa-de-uma-entrada-em-grande-nas-afrotacas\/\"\n\t\t\t\t\t\tdata-qtmplayer-icon=\"file_download\"\n\t\t\t\t\t\tdata-qtmplayer-type=\"track\"\n\t\t\t class=\"qtmplayer-play qtmplayer-link-sec qtmplayer-play-btn\"><i class='material-icons'>play_arrow<\/i><\/span>\n\t\t<p>\n\t\t\t<span class=\"qtmplayer-tit\">Embaixadores angolanos na Ta\u00e7a CAF s\u00e3o os primeiros a entrar em cena na expectativa de uma entrada em grande nas Afrota\u00e7as<\/span>\n\t\t\t<span class=\"qtmplayer-art\">Ant\u00f3nio Augusto<\/span>\n\t\t<\/p>\n\t<\/li>\n\t\t<\/ul>\n\t<\/div>\t\t\t\n\t\n<p style=\"font-weight: 400;\"><img loading=\"lazy\" class=\"wp-image-224725 alignleft\" src=\"https:\/\/rna.ao\/rna.ao\/wp-content\/uploads\/2026\/07\/Kabuscorp-do-Palanca-770x770.jpg\" alt=\"\" width=\"292\" height=\"292\" srcset=\"https:\/\/rna.ao\/rna.ao\/wp-content\/uploads\/2026\/07\/Kabuscorp-do-Palanca-770x770.jpg 770w, https:\/\/rna.ao\/rna.ao\/wp-content\/uploads\/2026\/07\/Kabuscorp-do-Palanca-1170x1170.jpg 1170w, https:\/\/rna.ao\/rna.ao\/wp-content\/uploads\/2026\/07\/Kabuscorp-do-Palanca-150x150.jpg 150w, https:\/\/rna.ao\/rna.ao\/wp-content\/uploads\/2026\/07\/Kabuscorp-do-Palanca-768x768.jpg 768w, https:\/\/rna.ao\/rna.ao\/wp-content\/uploads\/2026\/07\/Kabuscorp-do-Palanca-1536x1536.jpg 1536w, https:\/\/rna.ao\/rna.ao\/wp-content\/uploads\/2026\/07\/Kabuscorp-do-Palanca-2048x2048.jpg 2048w, https:\/\/rna.ao\/rna.ao\/wp-content\/uploads\/2026\/07\/Kabuscorp-do-Palanca-100x100.jpg 100w, https:\/\/rna.ao\/rna.ao\/wp-content\/uploads\/2026\/07\/Kabuscorp-do-Palanca-370x370.jpg 370w\" sizes=\"(max-width: 292px) 100vw, 292px\" \/>E o Kabuscorp do Palanca recebe no Est\u00e1dio Nacional \u201c11 de Novembro\u201d \u00e0s 17:00 na condi\u00e7\u00e3o de equipa visitante o UNAM FC da Nam\u00edbia. Os palanquinos somente esperam pelo come\u00e7o do jogo, conhecidos pontos fortes e fracos do advers\u00e1rio, como avan\u00e7a Leonardo Neiva, t\u00e9cnico brasileiro. Clique no \u00e1udio abaixo e ou\u00e7a:<\/p>\n\t<div class=\"qtmplayer-playlist-large\">\n\t\t<ul class=\"qtmplayer-playlist\">\n\t\t\t\n\t\t\t\t\t<li class=\"qtmplayer-trackitem\">\n\t\t<img src=\"https:\/\/rna.ao\/rna.ao\/wp-content\/uploads\/2024\/05\/dagosto-BRAVOS-E-1-DE-Agosto-100x100.jpg\" alt=\"cover\">\t\t<span \t\t\tdata-qtmplayer-cover=\"https:\/\/rna.ao\/rna.ao\/wp-content\/uploads\/2024\/05\/dagosto-BRAVOS-E-1-DE-Agosto.jpg\"\n\t\t\t\t\t\tdata-qtmplayer-file=\"https:\/\/rna.ao\/rna.ao\/wp-content\/uploads\/2026\/09\/7-LEONARDO-NEYVA-05-0926.mp3\"\n\t\t\t\t\t\tdata-qtmplayer-title=\"Embaixadores angolanos na Ta\u00e7a CAF s\u00e3o os primeiros a entrar em cena na expectativa de uma entrada em grande nas Afrota\u00e7as\"\n\t\t\t\t\t\tdata-qtmplayer-artist=\"Ant\u00f3nio Augusto\"\n\t\t\t\t\t\tdata-qtmplayer-link=\"https:\/\/rna.ao\/rna.ao\/2026\/09\/05\/embaixadores-angolanos-na-taca-caf-sao-os-primeiros-a-entrar-em-cena-na-expectativa-de-uma-entrada-em-grande-nas-afrotacas\/\"\n\t\t\t\t\t\tdata-qtmplayer-icon=\"file_download\"\n\t\t\t\t\t\tdata-qtmplayer-type=\"track\"\n\t\t\t class=\"qtmplayer-play qtmplayer-link-sec qtmplayer-play-btn\"><i class='material-icons'>play_arrow<\/i><\/span>\n\t\t<p>\n\t\t\t<span class=\"qtmplayer-tit\">Embaixadores angolanos na Ta\u00e7a CAF s\u00e3o os primeiros a entrar em cena na expectativa de uma entrada em grande nas Afrota\u00e7as<\/span>\n\t\t\t<span class=\"qtmplayer-art\">Ant\u00f3nio Augusto<\/span>\n\t\t<\/p>\n\t<\/li>\n\t\t<\/ul>\n\t<\/div>\t\t\t\n\t\n","protected":false},"excerpt":{"rendered":"<p>O 1\u00ba D\u2019Agosto e o Kabuscorp do Palanca v\u00e3o ser os primeiros embaixadores angolanos a entrar em cena nas competi\u00e7\u00f5es mais importantes sob a \u00e9gide da CAF. Para a prova tamb\u00e9m conhecida como Trof\u00e9u \u201cNelson Mandela\u201d, os rubro-negros defrontam na tarde deste s\u00e1bado \u00e0s 14h00, o Green Mamba de Essuatini, ...<\/p>\n","protected":false},"author":23,"featured_media":139480,"comment_status":"closed","ping_status":"closed","sticky":false,"template":"","format":"standard","meta":[],"categories":[145,125,164],"tags":[],"_links":{"self":[{"href":"https:\/\/rna.ao\/rna.ao\/wp-json\/wp\/v2\/posts\/230239"}],"collection":[{"href":"https:\/\/rna.ao\/rna.ao\/wp-json\/wp\/v2\/posts"}],"about":[{"href":"https:\/\/rna.ao\/rna.ao\/wp-json\/wp\/v2\/types\/post"}],"author":[{"embeddable":true,"href":"https:\/\/rna.ao\/rna.ao\/wp-json\/wp\/v2\/users\/23"}],"replies":[{"embeddable":true,"href":"https:\/\/rna.ao\/rna.ao\/wp-json\/wp\/v2\/comments?post=230239"}],"version-history":[{"count":1,"href":"https:\/\/rna.ao\/rna.ao\/wp-json\/wp\/v2\/posts\/230239\/revisions"}],"predecessor-version":[{"id":230242,"href":"https:\/\/rna.ao\/rna.ao\/wp-json\/wp\/v2\/posts\/230239\/revisions\/230242"}],"wp:featuredmedia":[{"embeddable":true,"href":"https:\/\/rna.ao\/rna.ao\/wp-json\/wp\/v2\/media\/139480"}],"wp:attachment":[{"href":"https:\/\/rna.ao\/rna.ao\/wp-json\/wp\/v2\/media?parent=230239"}],"wp:term":[{"taxonomy":"category","embeddable":true,"href":"https:\/\/rna.ao\/rna.ao\/wp-json\/wp\/v2\/categories?post=230239"},{"taxonomy":"post_tag","embeddable":true,"href":"https:\/\/rna.ao\/rna.ao\/wp-json\/wp\/v2\/tags?post=230239"}],"curies":[{"name":"wp","href":"https:\/\/api.w.org\/{rel}","templated":true}]}}