{"id":230227,"date":"2026-09-05T11:47:23","date_gmt":"2026-09-05T10:47:23","guid":{"rendered":"https:\/\/rna.ao\/rna.ao\/?p=230227"},"modified":"2026-09-05T11:47:23","modified_gmt":"2026-09-05T10:47:23","slug":"peterson-vieira-dias-focado-em-superar-ilhas-mauricias-antes-de-projectar-duelo-com-o-egipto","status":"publish","type":"post","link":"https:\/\/rna.ao\/rna.ao\/2026\/09\/05\/peterson-vieira-dias-focado-em-superar-ilhas-mauricias-antes-de-projectar-duelo-com-o-egipto\/","title":{"rendered":"Peterson Vieira Dias focado em superar Ilhas Maur\u00edcias antes de projectar duelo com o Egipto"},"content":{"rendered":"<p style=\"font-weight: 400;\"><img loading=\"lazy\" class=\"wp-image-230234 aligncenter\" src=\"https:\/\/rna.ao\/rna.ao\/wp-content\/uploads\/2026\/09\/Seleccao-Nacional-masculina-de-futebol-de-praia-770x578.jpg\" alt=\"\" width=\"400\" height=\"300\" srcset=\"https:\/\/rna.ao\/rna.ao\/wp-content\/uploads\/2026\/09\/Seleccao-Nacional-masculina-de-futebol-de-praia-770x578.jpg 770w, https:\/\/rna.ao\/rna.ao\/wp-content\/uploads\/2026\/09\/Seleccao-Nacional-masculina-de-futebol-de-praia-1170x878.jpg 1170w, https:\/\/rna.ao\/rna.ao\/wp-content\/uploads\/2026\/09\/Seleccao-Nacional-masculina-de-futebol-de-praia-768x576.jpg 768w, https:\/\/rna.ao\/rna.ao\/wp-content\/uploads\/2026\/09\/Seleccao-Nacional-masculina-de-futebol-de-praia.jpg 1280w\" sizes=\"(max-width: 400px) 100vw, 400px\" \/>Saiu a p\u00fablico a convocat\u00f3ria dos jogadores da selec\u00e7\u00e3o nacional masculina de futebol de Praia que, vai entrar para a Ta\u00e7a COSAFA, competi\u00e7\u00e3o regional selectiva \u00e0 fase final do CAN de Novembro pr\u00f3ximo no Senegal.\u00a0De acordo com o treinador Peterson Vieira Dias, temos de procurar ultrapassar primeiro as Ilhas Maur\u00edcias e em caso de passagem, teremos como advers\u00e1rio o gigante Egipto.<\/p>\n\t<div class=\"qtmplayer-playlist-large\">\n\t\t<ul class=\"qtmplayer-playlist\">\n\t\t\t\n\t\t\t\t\t<li class=\"qtmplayer-trackitem\">\n\t\t<img src=\"https:\/\/rna.ao\/rna.ao\/wp-content\/uploads\/2026\/09\/Seleccao-Nacnal-senior-masculina-de-futebol-de-praia-100x100.jpg\" alt=\"cover\">\t\t<span \t\t\tdata-qtmplayer-cover=\"https:\/\/rna.ao\/rna.ao\/wp-content\/uploads\/2026\/09\/Seleccao-Nacnal-senior-masculina-de-futebol-de-praia-370x370.jpg\"\n\t\t\t\t\t\tdata-qtmplayer-file=\"https:\/\/rna.ao\/rna.ao\/wp-content\/uploads\/2026\/09\/16-PETERSON-DIAS-05-09-26.mp3\"\n\t\t\t\t\t\tdata-qtmplayer-title=\"Peterson Vieira Dias focado em superar Ilhas Maur\u00edcias antes de projectar duelo com o Egipto\"\n\t\t\t\t\t\tdata-qtmplayer-artist=\"Ant\u00f3nio Augusto\"\n\t\t\t\t\t\tdata-qtmplayer-link=\"https:\/\/rna.ao\/rna.ao\/2026\/09\/05\/peterson-vieira-dias-focado-em-superar-ilhas-mauricias-antes-de-projectar-duelo-com-o-egipto\/\"\n\t\t\t\t\t\tdata-qtmplayer-icon=\"file_download\"\n\t\t\t\t\t\tdata-qtmplayer-type=\"track\"\n\t\t\t class=\"qtmplayer-play qtmplayer-link-sec qtmplayer-play-btn\"><i class='material-icons'>play_arrow<\/i><\/span>\n\t\t<p>\n\t\t\t<span class=\"qtmplayer-tit\">Peterson Vieira Dias focado em superar Ilhas Maur\u00edcias antes de projectar duelo com o Egipto<\/span>\n\t\t\t<span class=\"qtmplayer-art\">Ant\u00f3nio Augusto<\/span>\n\t\t<\/p>\n\t<\/li>\n\t\t<\/ul>\n\t<\/div>\t\t\t\n\t\n","protected":false},"excerpt":{"rendered":"<p>Saiu a p\u00fablico a convocat\u00f3ria dos jogadores da selec\u00e7\u00e3o nacional masculina de futebol de Praia que, vai entrar para a Ta\u00e7a COSAFA, competi\u00e7\u00e3o regional selectiva \u00e0 fase final do CAN de Novembro pr\u00f3ximo no Senegal.\u00a0De acordo com o treinador Peterson Vieira Dias, temos de procurar ultrapassar primeiro as Ilhas Maur\u00edcias ...<\/p>\n","protected":false},"author":23,"featured_media":230236,"comment_status":"closed","ping_status":"closed","sticky":false,"template":"","format":"standard","meta":[],"categories":[145,125,164],"tags":[],"_links":{"self":[{"href":"https:\/\/rna.ao\/rna.ao\/wp-json\/wp\/v2\/posts\/230227"}],"collection":[{"href":"https:\/\/rna.ao\/rna.ao\/wp-json\/wp\/v2\/posts"}],"about":[{"href":"https:\/\/rna.ao\/rna.ao\/wp-json\/wp\/v2\/types\/post"}],"author":[{"embeddable":true,"href":"https:\/\/rna.ao\/rna.ao\/wp-json\/wp\/v2\/users\/23"}],"replies":[{"embeddable":true,"href":"https:\/\/rna.ao\/rna.ao\/wp-json\/wp\/v2\/comments?post=230227"}],"version-history":[{"count":1,"href":"https:\/\/rna.ao\/rna.ao\/wp-json\/wp\/v2\/posts\/230227\/revisions"}],"predecessor-version":[{"id":230238,"href":"https:\/\/rna.ao\/rna.ao\/wp-json\/wp\/v2\/posts\/230227\/revisions\/230238"}],"wp:featuredmedia":[{"embeddable":true,"href":"https:\/\/rna.ao\/rna.ao\/wp-json\/wp\/v2\/media\/230236"}],"wp:attachment":[{"href":"https:\/\/rna.ao\/rna.ao\/wp-json\/wp\/v2\/media?parent=230227"}],"wp:term":[{"taxonomy":"category","embeddable":true,"href":"https:\/\/rna.ao\/rna.ao\/wp-json\/wp\/v2\/categories?post=230227"},{"taxonomy":"post_tag","embeddable":true,"href":"https:\/\/rna.ao\/rna.ao\/wp-json\/wp\/v2\/tags?post=230227"}],"curies":[{"name":"wp","href":"https:\/\/api.w.org\/{rel}","templated":true}]}}