{"id":230223,"date":"2026-09-05T11:31:23","date_gmt":"2026-09-05T10:31:23","guid":{"rendered":"https:\/\/rna.ao\/rna.ao\/?p=230223"},"modified":"2026-09-05T11:31:23","modified_gmt":"2026-09-05T10:31:23","slug":"faf-divulga-convocatorias-das-seleccoes-de-futebol-feminino-e-de-praia-para-o-africano","status":"publish","type":"post","link":"https:\/\/rna.ao\/rna.ao\/2026\/09\/05\/faf-divulga-convocatorias-das-seleccoes-de-futebol-feminino-e-de-praia-para-o-africano\/","title":{"rendered":"FAF divulga convocat\u00f3rias das selec\u00e7\u00f5es de futebol feminino e de praia para o Africano"},"content":{"rendered":"<p><img loading=\"lazy\" class=\"size-full wp-image-182438 aligncenter\" src=\"https:\/\/rna.ao\/rna.ao\/wp-content\/uploads\/2025\/06\/FAF.jpg\" alt=\"\" width=\"500\" height=\"261\" \/>A Federa\u00e7\u00e3o Angolana de Futebol tornou p\u00fablicas as convocat\u00f3rias das selec\u00e7\u00f5es nacionais de futebol feminino e de futebol de praia, perspectivando as duas competi\u00e7\u00f5es continentais. Irene Gon\u00e7alves, vice-presidente da FAF para o futebol feminino, refere os grandes objectivos perseguidos.\u00a0Clique no \u00e1udio abaixo e ou\u00e7a:<\/p>\n\t<div class=\"qtmplayer-playlist-large\">\n\t\t<ul class=\"qtmplayer-playlist\">\n\t\t\t\n\t\t\t\t\t<li class=\"qtmplayer-trackitem\">\n\t\t<img src=\"https:\/\/rna.ao\/rna.ao\/wp-content\/uploads\/2025\/06\/FAF-100x100.jpg\" alt=\"cover\">\t\t<span \t\t\tdata-qtmplayer-cover=\"https:\/\/rna.ao\/rna.ao\/wp-content\/uploads\/2025\/06\/FAF.jpg\"\n\t\t\t\t\t\tdata-qtmplayer-file=\"https:\/\/rna.ao\/rna.ao\/wp-content\/uploads\/2026\/09\/4-IRENE-GONSALVEZ-05-09-26.mp3\"\n\t\t\t\t\t\tdata-qtmplayer-title=\"FAF divulga convocat\u00f3rias das selec\u00e7\u00f5es de futebol feminino e de praia para o Africano\"\n\t\t\t\t\t\tdata-qtmplayer-artist=\"Ant\u00f3nio Augusto\"\n\t\t\t\t\t\tdata-qtmplayer-link=\"https:\/\/rna.ao\/rna.ao\/2026\/09\/05\/faf-divulga-convocatorias-das-seleccoes-de-futebol-feminino-e-de-praia-para-o-africano\/\"\n\t\t\t\t\t\tdata-qtmplayer-icon=\"file_download\"\n\t\t\t\t\t\tdata-qtmplayer-type=\"track\"\n\t\t\t class=\"qtmplayer-play qtmplayer-link-sec qtmplayer-play-btn\"><i class='material-icons'>play_arrow<\/i><\/span>\n\t\t<p>\n\t\t\t<span class=\"qtmplayer-tit\">FAF divulga convocat\u00f3rias das selec\u00e7\u00f5es de futebol feminino e de praia para o Africano<\/span>\n\t\t\t<span class=\"qtmplayer-art\">Ant\u00f3nio Augusto<\/span>\n\t\t<\/p>\n\t<\/li>\n\t\t<\/ul>\n\t<\/div>\t\t\t\n\t\n<p>Afonso Paxe, treinador principal ao tomar a palavra, disse esperar que as jogadoras mostrem em campo, o que aprenderam no treinamento. Clique no \u00e1udio abaixo e ou\u00e7a:<\/p>\n\t<div class=\"qtmplayer-playlist-large\">\n\t\t<ul class=\"qtmplayer-playlist\">\n\t\t\t\n\t\t\t\t\t<li class=\"qtmplayer-trackitem\">\n\t\t<img src=\"https:\/\/rna.ao\/rna.ao\/wp-content\/uploads\/2025\/06\/FAF-100x100.jpg\" alt=\"cover\">\t\t<span \t\t\tdata-qtmplayer-cover=\"https:\/\/rna.ao\/rna.ao\/wp-content\/uploads\/2025\/06\/FAF.jpg\"\n\t\t\t\t\t\tdata-qtmplayer-file=\"https:\/\/rna.ao\/rna.ao\/wp-content\/uploads\/2026\/09\/5-AFONSO-FILHO-05-09-26.mp3\"\n\t\t\t\t\t\tdata-qtmplayer-title=\"FAF divulga convocat\u00f3rias das selec\u00e7\u00f5es de futebol feminino e de praia para o Africano\"\n\t\t\t\t\t\tdata-qtmplayer-artist=\"Ant\u00f3nio Augusto\"\n\t\t\t\t\t\tdata-qtmplayer-link=\"https:\/\/rna.ao\/rna.ao\/2026\/09\/05\/faf-divulga-convocatorias-das-seleccoes-de-futebol-feminino-e-de-praia-para-o-africano\/\"\n\t\t\t\t\t\tdata-qtmplayer-icon=\"file_download\"\n\t\t\t\t\t\tdata-qtmplayer-type=\"track\"\n\t\t\t class=\"qtmplayer-play qtmplayer-link-sec qtmplayer-play-btn\"><i class='material-icons'>play_arrow<\/i><\/span>\n\t\t<p>\n\t\t\t<span class=\"qtmplayer-tit\">FAF divulga convocat\u00f3rias das selec\u00e7\u00f5es de futebol feminino e de praia para o Africano<\/span>\n\t\t\t<span class=\"qtmplayer-art\">Ant\u00f3nio Augusto<\/span>\n\t\t<\/p>\n\t<\/li>\n\t\t<\/ul>\n\t<\/div>\t\t\t\n\t\n","protected":false},"excerpt":{"rendered":"<p>A Federa\u00e7\u00e3o Angolana de Futebol tornou p\u00fablicas as convocat\u00f3rias das selec\u00e7\u00f5es nacionais de futebol feminino e de futebol de praia, perspectivando as duas competi\u00e7\u00f5es continentais. Irene Gon\u00e7alves, vice-presidente da FAF para o futebol feminino, refere os grandes objectivos perseguidos.\u00a0Clique no \u00e1udio abaixo e ou\u00e7a: Afonso Paxe, treinador principal ao tomar ...<\/p>\n","protected":false},"author":23,"featured_media":182438,"comment_status":"closed","ping_status":"closed","sticky":false,"template":"","format":"standard","meta":[],"categories":[145,125,164],"tags":[],"_links":{"self":[{"href":"https:\/\/rna.ao\/rna.ao\/wp-json\/wp\/v2\/posts\/230223"}],"collection":[{"href":"https:\/\/rna.ao\/rna.ao\/wp-json\/wp\/v2\/posts"}],"about":[{"href":"https:\/\/rna.ao\/rna.ao\/wp-json\/wp\/v2\/types\/post"}],"author":[{"embeddable":true,"href":"https:\/\/rna.ao\/rna.ao\/wp-json\/wp\/v2\/users\/23"}],"replies":[{"embeddable":true,"href":"https:\/\/rna.ao\/rna.ao\/wp-json\/wp\/v2\/comments?post=230223"}],"version-history":[{"count":1,"href":"https:\/\/rna.ao\/rna.ao\/wp-json\/wp\/v2\/posts\/230223\/revisions"}],"predecessor-version":[{"id":230226,"href":"https:\/\/rna.ao\/rna.ao\/wp-json\/wp\/v2\/posts\/230223\/revisions\/230226"}],"wp:featuredmedia":[{"embeddable":true,"href":"https:\/\/rna.ao\/rna.ao\/wp-json\/wp\/v2\/media\/182438"}],"wp:attachment":[{"href":"https:\/\/rna.ao\/rna.ao\/wp-json\/wp\/v2\/media?parent=230223"}],"wp:term":[{"taxonomy":"category","embeddable":true,"href":"https:\/\/rna.ao\/rna.ao\/wp-json\/wp\/v2\/categories?post=230223"},{"taxonomy":"post_tag","embeddable":true,"href":"https:\/\/rna.ao\/rna.ao\/wp-json\/wp\/v2\/tags?post=230223"}],"curies":[{"name":"wp","href":"https:\/\/api.w.org\/{rel}","templated":true}]}}