{"id":230209,"date":"2026-09-05T10:39:51","date_gmt":"2026-09-05T09:39:51","guid":{"rendered":"https:\/\/rna.ao\/rna.ao\/?p=230209"},"modified":"2026-09-05T10:39:51","modified_gmt":"2026-09-05T09:39:51","slug":"programa-sabado-as-1010-portagens-em-angola-custos-receitas-e-impacto-na-melhoria-da-rede-rodoviaria","status":"publish","type":"post","link":"https:\/\/rna.ao\/rna.ao\/2026\/09\/05\/programa-sabado-as-1010-portagens-em-angola-custos-receitas-e-impacto-na-melhoria-da-rede-rodoviaria\/","title":{"rendered":"Programa S\u00e1bado \u00e0s 10&#038;10: Portagens em Angola custos, receitas e impacto na melhoria da rede rodovi\u00e1ria"},"content":{"rendered":"<div class=\"xdj266r x14z9mp xat24cr x1lziwak x1vvkbs x126k92a\">\n<div dir=\"auto\"><img loading=\"lazy\" class=\"wp-image-230210 aligncenter\" src=\"https:\/\/rna.ao\/rna.ao\/wp-content\/uploads\/2026\/09\/Manuel-Lutuai-Administrador-para-Area-Tecnica-do-Fundo-Rodoviario-de-Angola.jpg\" alt=\"\" width=\"308\" height=\"410\" \/>Convidados:<\/div>\n<\/div>\n<div class=\"x14z9mp xat24cr x1lziwak x1vvkbs xtlvy1s x126k92a\">\n<div dir=\"auto\">1- Manuel Lutuai, Administrador para \u00c1rea T\u00e9cnica do Fundo Rodovi\u00e1rio de Angola<\/div>\n<\/div>\n<div class=\"x14z9mp xat24cr x1lziwak x1vvkbs xtlvy1s x126k92a\">\n<div dir=\"auto\">2- Fernando Manuel, Chefe de Departamento de Estradas do Instituto Nacional de Estradas de Angola (INEA)<\/div>\n<\/div>\n<div class=\"x14z9mp xat24cr x1lziwak x1vvkbs xtlvy1s x126k92a\">\n<div dir=\"auto\">3- Superintendente Chefe, Adriano do Ros\u00e1rio, Chefe de Departamento da Assessoria Jur\u00eddica da Direc\u00e7\u00e3o de Tr\u00e2nsito e Seguran\u00e7a Rodovi\u00e1ria<\/div>\n<\/div>\n<div class=\"x14z9mp xat24cr x1lziwak x1vvkbs xtlvy1s x126k92a\">\n<div dir=\"auto\">4- Lic\u00ednio da Costa, Representante da Associa\u00e7\u00e3o dos Transportadores de Angola (ATROMA)<\/div>\n<\/div>\n<div class=\"x14z9mp xat24cr x1lziwak x1vvkbs xtlvy1s x126k92a\">\n<div dir=\"auto\">5- Rui de Carvalho, Director Geral AFRJ Consulting<\/div>\n<\/div>\n<div class=\"x14z9mp xat24cr x1lziwak x1vvkbs xtlvy1s x126k92a\">\n<div dir=\"auto\">6- Superintendente Francisco Neto, Chefe de Departamento T\u00e9cnico Fiscal Aduaneiro da Pol\u00edcia Fiscal<\/div>\n<div dir=\"auto\"><\/div>\n<\/div>\n<div class=\"x14z9mp xat24cr x1lziwak x1vvkbs xtlvy1s x126k92a\">\n<div dir=\"auto\">Modera\u00e7\u00e3o de: Lopes Canhina<\/div>\n<div dir=\"auto\">Produ\u00e7\u00e3o: Adriano Serra e Elsa Vaz<\/div>\n<div dir=\"auto\">T\u00e9cnica de: Linda Morais<\/div>\n<\/div>\n","protected":false},"excerpt":{"rendered":"<p>Convidados: 1- Manuel Lutuai, Administrador para \u00c1rea T\u00e9cnica do Fundo Rodovi\u00e1rio de Angola 2- Fernando Manuel, Chefe de Departamento de Estradas do Instituto Nacional de Estradas de Angola (INEA) 3- Superintendente Chefe, Adriano do Ros\u00e1rio, Chefe de Departamento da Assessoria Jur\u00eddica da Direc\u00e7\u00e3o de Tr\u00e2nsito e Seguran\u00e7a Rodovi\u00e1ria 4- Lic\u00ednio ...<\/p>\n","protected":false},"author":23,"featured_media":230211,"comment_status":"closed","ping_status":"closed","sticky":false,"template":"","format":"standard","meta":[],"categories":[142,121,164,163],"tags":[],"_links":{"self":[{"href":"https:\/\/rna.ao\/rna.ao\/wp-json\/wp\/v2\/posts\/230209"}],"collection":[{"href":"https:\/\/rna.ao\/rna.ao\/wp-json\/wp\/v2\/posts"}],"about":[{"href":"https:\/\/rna.ao\/rna.ao\/wp-json\/wp\/v2\/types\/post"}],"author":[{"embeddable":true,"href":"https:\/\/rna.ao\/rna.ao\/wp-json\/wp\/v2\/users\/23"}],"replies":[{"embeddable":true,"href":"https:\/\/rna.ao\/rna.ao\/wp-json\/wp\/v2\/comments?post=230209"}],"version-history":[{"count":1,"href":"https:\/\/rna.ao\/rna.ao\/wp-json\/wp\/v2\/posts\/230209\/revisions"}],"predecessor-version":[{"id":230213,"href":"https:\/\/rna.ao\/rna.ao\/wp-json\/wp\/v2\/posts\/230209\/revisions\/230213"}],"wp:featuredmedia":[{"embeddable":true,"href":"https:\/\/rna.ao\/rna.ao\/wp-json\/wp\/v2\/media\/230211"}],"wp:attachment":[{"href":"https:\/\/rna.ao\/rna.ao\/wp-json\/wp\/v2\/media?parent=230209"}],"wp:term":[{"taxonomy":"category","embeddable":true,"href":"https:\/\/rna.ao\/rna.ao\/wp-json\/wp\/v2\/categories?post=230209"},{"taxonomy":"post_tag","embeddable":true,"href":"https:\/\/rna.ao\/rna.ao\/wp-json\/wp\/v2\/tags?post=230209"}],"curies":[{"name":"wp","href":"https:\/\/api.w.org\/{rel}","templated":true}]}}