{"id":230196,"date":"2026-09-04T19:43:15","date_gmt":"2026-09-04T18:43:15","guid":{"rendered":"https:\/\/rna.ao\/rna.ao\/?p=230196"},"modified":"2026-09-04T19:43:15","modified_gmt":"2026-09-04T18:43:15","slug":"benguela-residencias-para-os-sinistrados-das-cheias-do-rio-cavaco-ja-comecaram-a-ser-construidas","status":"publish","type":"post","link":"https:\/\/rna.ao\/rna.ao\/2026\/09\/04\/benguela-residencias-para-os-sinistrados-das-cheias-do-rio-cavaco-ja-comecaram-a-ser-construidas\/","title":{"rendered":"Benguela: Resid\u00eancias para os sinistrados das cheias do rio Cavaco j\u00e1 come\u00e7aram a ser constru\u00eddas"},"content":{"rendered":"<figure id=\"attachment_230199\" aria-describedby=\"caption-attachment-230199\" style=\"width: 770px\" class=\"wp-caption alignnone\"><img loading=\"lazy\" class=\"size-medium wp-image-230199\" src=\"https:\/\/rna.ao\/rna.ao\/wp-content\/uploads\/2026\/09\/PIMM-MALANGE-770x513.jpeg\" alt=\"\" width=\"770\" height=\"513\" srcset=\"https:\/\/rna.ao\/rna.ao\/wp-content\/uploads\/2026\/09\/PIMM-MALANGE-770x513.jpeg 770w, https:\/\/rna.ao\/rna.ao\/wp-content\/uploads\/2026\/09\/PIMM-MALANGE-1170x780.jpeg 1170w, https:\/\/rna.ao\/rna.ao\/wp-content\/uploads\/2026\/09\/PIMM-MALANGE-768x512.jpeg 768w, https:\/\/rna.ao\/rna.ao\/wp-content\/uploads\/2026\/09\/PIMM-MALANGE.jpeg 1500w\" sizes=\"(max-width: 770px) 100vw, 770px\" \/><figcaption id=\"caption-attachment-230199\" class=\"wp-caption-text\"><span style=\"font-size: 16px;\">Em Benguela j\u00e1 arrancaram as obras de constru\u00e7\u00e3o das resid\u00eancias que v\u00e3o albergar os sinistrados das cheias do rio Cavaco.<\/span><\/figcaption><\/figure>\n<p>O governador de Benguela, Manuel Nunes J\u00fanior, reafirma o compromisso do executivo na concretiza\u00e7\u00e3o do projeto que contempla 907 resid\u00eancias. Jornalista Avelino Buena. Clique no \u00e1udio abaixo e ou\u00e7a:<\/p>\n\t<div class=\"qtmplayer-playlist-large\">\n\t\t<ul class=\"qtmplayer-playlist\">\n\t\t\t\n\t\t\t\t\t<li class=\"qtmplayer-trackitem\">\n\t\t<img src=\"https:\/\/rna.ao\/rna.ao\/wp-content\/uploads\/2026\/09\/PIMM-MALANGE-100x100.jpeg\" alt=\"cover\">\t\t<span \t\t\tdata-qtmplayer-cover=\"https:\/\/rna.ao\/rna.ao\/wp-content\/uploads\/2026\/09\/PIMM-MALANGE-370x370.jpeg\"\n\t\t\t\t\t\tdata-qtmplayer-file=\"https:\/\/rna.ao\/rna.ao\/wp-content\/uploads\/2026\/09\/AVELINO-BUENA.mp3\"\n\t\t\t\t\t\tdata-qtmplayer-title=\"Benguela: Resid\u00eancias para os sinistrados das cheias do rio Cavaco j\u00e1 come\u00e7aram a ser constru\u00eddas\"\n\t\t\t\t\t\tdata-qtmplayer-artist=\"Patr\u00edcia Campos\"\n\t\t\t\t\t\tdata-qtmplayer-link=\"https:\/\/rna.ao\/rna.ao\/2026\/09\/04\/benguela-residencias-para-os-sinistrados-das-cheias-do-rio-cavaco-ja-comecaram-a-ser-construidas\/\"\n\t\t\t\t\t\tdata-qtmplayer-icon=\"file_download\"\n\t\t\t\t\t\tdata-qtmplayer-type=\"track\"\n\t\t\t class=\"qtmplayer-play qtmplayer-link-sec qtmplayer-play-btn\"><i class='material-icons'>play_arrow<\/i><\/span>\n\t\t<p>\n\t\t\t<span class=\"qtmplayer-tit\">Benguela: Resid\u00eancias para os sinistrados das cheias do rio Cavaco j\u00e1 come\u00e7aram a ser constru\u00eddas<\/span>\n\t\t\t<span class=\"qtmplayer-art\">Patr\u00edcia Campos<\/span>\n\t\t<\/p>\n\t<\/li>\n\t\t<\/ul>\n\t<\/div>\t\t\t\n\t\n","protected":false},"excerpt":{"rendered":"<p>O governador de Benguela, Manuel Nunes J\u00fanior, reafirma o compromisso do executivo na concretiza\u00e7\u00e3o do projeto que contempla 907 resid\u00eancias. Jornalista Avelino Buena. Clique no \u00e1udio abaixo e ou\u00e7a:<\/p>\n","protected":false},"author":21,"featured_media":230199,"comment_status":"closed","ping_status":"closed","sticky":false,"template":"","format":"standard","meta":[],"categories":[142,121,164,163],"tags":[],"_links":{"self":[{"href":"https:\/\/rna.ao\/rna.ao\/wp-json\/wp\/v2\/posts\/230196"}],"collection":[{"href":"https:\/\/rna.ao\/rna.ao\/wp-json\/wp\/v2\/posts"}],"about":[{"href":"https:\/\/rna.ao\/rna.ao\/wp-json\/wp\/v2\/types\/post"}],"author":[{"embeddable":true,"href":"https:\/\/rna.ao\/rna.ao\/wp-json\/wp\/v2\/users\/21"}],"replies":[{"embeddable":true,"href":"https:\/\/rna.ao\/rna.ao\/wp-json\/wp\/v2\/comments?post=230196"}],"version-history":[{"count":1,"href":"https:\/\/rna.ao\/rna.ao\/wp-json\/wp\/v2\/posts\/230196\/revisions"}],"predecessor-version":[{"id":230200,"href":"https:\/\/rna.ao\/rna.ao\/wp-json\/wp\/v2\/posts\/230196\/revisions\/230200"}],"wp:featuredmedia":[{"embeddable":true,"href":"https:\/\/rna.ao\/rna.ao\/wp-json\/wp\/v2\/media\/230199"}],"wp:attachment":[{"href":"https:\/\/rna.ao\/rna.ao\/wp-json\/wp\/v2\/media?parent=230196"}],"wp:term":[{"taxonomy":"category","embeddable":true,"href":"https:\/\/rna.ao\/rna.ao\/wp-json\/wp\/v2\/categories?post=230196"},{"taxonomy":"post_tag","embeddable":true,"href":"https:\/\/rna.ao\/rna.ao\/wp-json\/wp\/v2\/tags?post=230196"}],"curies":[{"name":"wp","href":"https:\/\/api.w.org\/{rel}","templated":true}]}}