{"id":230193,"date":"2026-09-04T19:32:49","date_gmt":"2026-09-04T18:32:49","guid":{"rendered":"https:\/\/rna.ao\/rna.ao\/?p=230193"},"modified":"2026-09-04T19:50:38","modified_gmt":"2026-09-04T18:50:38","slug":"bie-servicos-veterinarios-esperam-vacinar-contra-a-raiva-mais-de-dez-mil-animais-ate-ao-fim-deste-mes","status":"publish","type":"post","link":"https:\/\/rna.ao\/rna.ao\/2026\/09\/04\/bie-servicos-veterinarios-esperam-vacinar-contra-a-raiva-mais-de-dez-mil-animais-ate-ao-fim-deste-mes\/","title":{"rendered":"Bi\u00e9: Servi\u00e7os veterin\u00e1rios esperam vacinar contra a raiva mais de dez mil animais at\u00e9 ao fim de Setembro"},"content":{"rendered":"<p><img loading=\"lazy\" class=\"alignnone size-full wp-image-80967\" src=\"https:\/\/rna.ao\/rna.ao\/wp-content\/uploads\/2022\/10\/Vacina-animais-de-estimacao.jpg\" alt=\"\" width=\"296\" height=\"196\" \/><\/p>\n<p>Mais de 10 mil animais entre c\u00e3es, gatos e macacos v\u00e3o ser vacinados at\u00e9 o final do m\u00eas de Setembro no munic\u00edpio do Kuito.<\/p>\n<p>A campanha teve in\u00edcio no m\u00eas de Agosto e\u00a0 at\u00e9 ao momento j\u00e1 foram vacinados mais de tr\u00eas mil animais.<\/p>\n<p>Vamos a reportagem com o Lote Chicomba. Clique no \u00e1udio abaixo e ou\u00e7a:<\/p>\n\t<div class=\"qtmplayer-playlist-large\">\n\t\t<ul class=\"qtmplayer-playlist\">\n\t\t\t\n\t\t\t\t\t<li class=\"qtmplayer-trackitem\">\n\t\t<img src=\"https:\/\/rna.ao\/rna.ao\/wp-content\/uploads\/2022\/10\/Vacina-animais-de-estimacao-100x100.jpg\" alt=\"cover\">\t\t<span \t\t\tdata-qtmplayer-cover=\"https:\/\/rna.ao\/rna.ao\/wp-content\/uploads\/2022\/10\/Vacina-animais-de-estimacao.jpg\"\n\t\t\t\t\t\tdata-qtmplayer-file=\"https:\/\/rna.ao\/rna.ao\/wp-content\/uploads\/2026\/09\/LOT-CHICOMBA.mp3\"\n\t\t\t\t\t\tdata-qtmplayer-title=\"Bi\u00e9: Servi\u00e7os veterin\u00e1rios esperam vacinar contra a raiva mais de dez mil animais at\u00e9 ao fim de Setembro\"\n\t\t\t\t\t\tdata-qtmplayer-artist=\"Patr\u00edcia Campos\"\n\t\t\t\t\t\tdata-qtmplayer-link=\"https:\/\/rna.ao\/rna.ao\/2026\/09\/04\/bie-servicos-veterinarios-esperam-vacinar-contra-a-raiva-mais-de-dez-mil-animais-ate-ao-fim-deste-mes\/\"\n\t\t\t\t\t\tdata-qtmplayer-icon=\"file_download\"\n\t\t\t\t\t\tdata-qtmplayer-type=\"track\"\n\t\t\t class=\"qtmplayer-play qtmplayer-link-sec qtmplayer-play-btn\"><i class='material-icons'>play_arrow<\/i><\/span>\n\t\t<p>\n\t\t\t<span class=\"qtmplayer-tit\">Bi\u00e9: Servi\u00e7os veterin\u00e1rios esperam vacinar contra a raiva mais de dez mil animais at\u00e9 ao fim de Setembro<\/span>\n\t\t\t<span class=\"qtmplayer-art\">Patr\u00edcia Campos<\/span>\n\t\t<\/p>\n\t<\/li>\n\t\t<\/ul>\n\t<\/div>\t\t\t\n\t\n","protected":false},"excerpt":{"rendered":"<p>Mais de 10 mil animais entre c\u00e3es, gatos e macacos v\u00e3o ser vacinados at\u00e9 o final do m\u00eas de Setembro no munic\u00edpio do Kuito. A campanha teve in\u00edcio no m\u00eas de Agosto e\u00a0 at\u00e9 ao momento j\u00e1 foram vacinados mais de tr\u00eas mil animais. Vamos a reportagem com o Lote ...<\/p>\n","protected":false},"author":21,"featured_media":80967,"comment_status":"closed","ping_status":"closed","sticky":false,"template":"","format":"standard","meta":[],"categories":[142,121,164,163],"tags":[],"_links":{"self":[{"href":"https:\/\/rna.ao\/rna.ao\/wp-json\/wp\/v2\/posts\/230193"}],"collection":[{"href":"https:\/\/rna.ao\/rna.ao\/wp-json\/wp\/v2\/posts"}],"about":[{"href":"https:\/\/rna.ao\/rna.ao\/wp-json\/wp\/v2\/types\/post"}],"author":[{"embeddable":true,"href":"https:\/\/rna.ao\/rna.ao\/wp-json\/wp\/v2\/users\/21"}],"replies":[{"embeddable":true,"href":"https:\/\/rna.ao\/rna.ao\/wp-json\/wp\/v2\/comments?post=230193"}],"version-history":[{"count":2,"href":"https:\/\/rna.ao\/rna.ao\/wp-json\/wp\/v2\/posts\/230193\/revisions"}],"predecessor-version":[{"id":230203,"href":"https:\/\/rna.ao\/rna.ao\/wp-json\/wp\/v2\/posts\/230193\/revisions\/230203"}],"wp:featuredmedia":[{"embeddable":true,"href":"https:\/\/rna.ao\/rna.ao\/wp-json\/wp\/v2\/media\/80967"}],"wp:attachment":[{"href":"https:\/\/rna.ao\/rna.ao\/wp-json\/wp\/v2\/media?parent=230193"}],"wp:term":[{"taxonomy":"category","embeddable":true,"href":"https:\/\/rna.ao\/rna.ao\/wp-json\/wp\/v2\/categories?post=230193"},{"taxonomy":"post_tag","embeddable":true,"href":"https:\/\/rna.ao\/rna.ao\/wp-json\/wp\/v2\/tags?post=230193"}],"curies":[{"name":"wp","href":"https:\/\/api.w.org\/{rel}","templated":true}]}}