{"id":230179,"date":"2026-09-04T16:04:10","date_gmt":"2026-09-04T15:04:10","guid":{"rendered":"https:\/\/rna.ao\/rna.ao\/?p=230179"},"modified":"2026-09-04T16:05:49","modified_gmt":"2026-09-04T15:05:49","slug":"lista-de-convocados-da-seleccao-nacional-para-o-duplo-compromisso-da-fase-de-qualificacao-ao-can-2027-sera-tornada-publica-a-16-deste-mes","status":"publish","type":"post","link":"https:\/\/rna.ao\/rna.ao\/2026\/09\/04\/lista-de-convocados-da-seleccao-nacional-para-o-duplo-compromisso-da-fase-de-qualificacao-ao-can-2027-sera-tornada-publica-a-16-deste-mes\/","title":{"rendered":"Lista de convocados da selec\u00e7\u00e3o naci\u00ado\u00adnal para o duplo com\u00adpro\u00admisso da fase de qua\u00adli\u00adfi\u00adca\u00ad\u00e7\u00e3o ao CAN 2027 ser\u00e1 conhecida no dia 16 deste m\u00eas"},"content":{"rendered":"<div class=\"jsx-2a3b4af8f89fe3c1 group relative rounded-lg sm:rounded-xl shadow-sm border transition-all duration-300 cursor-pointer py-2 sm:py-1 px-2 sm:px-2 bg-white border-gray-100 hover:shadow-md hover:border-primary\/20 hover:bg-primary\/5\">\n<div class=\"jsx-2a3b4af8f89fe3c1 flex flex-col sm:flex-row sm:items-center gap-2 sm:gap-3\">\n<div class=\"jsx-2a3b4af8f89fe3c1 flex-1 min-w-0\">\n<p><img loading=\"lazy\" class=\"alignnone size-medium wp-image-219766\" src=\"https:\/\/rna.ao\/rna.ao\/wp-content\/uploads\/2026\/05\/PALANCAS-NEGRAS-770x513.jpg\" alt=\"\" width=\"770\" height=\"513\" srcset=\"https:\/\/rna.ao\/rna.ao\/wp-content\/uploads\/2026\/05\/PALANCAS-NEGRAS-770x513.jpg 770w, https:\/\/rna.ao\/rna.ao\/wp-content\/uploads\/2026\/05\/PALANCAS-NEGRAS-1170x780.jpg 1170w, https:\/\/rna.ao\/rna.ao\/wp-content\/uploads\/2026\/05\/PALANCAS-NEGRAS-768x512.jpg 768w, https:\/\/rna.ao\/rna.ao\/wp-content\/uploads\/2026\/05\/PALANCAS-NEGRAS.jpg 1440w\" sizes=\"(max-width: 770px) 100vw, 770px\" \/><\/p>\n<p class=\"jsx-2a3b4af8f89fe3c1 leading-relaxed text-sm transition-colors duration-200 text-left break-words text-gray-800 group-hover:text-gray-900\">Os Palancas negras podem ser convocados no dia 16 deste m\u00eas na sede da federa\u00e7\u00e3o angolana de futebol, no quadro da disputa dos Jogos para a Corrida ao CAN de 2027.<\/p>\n<p class=\"jsx-2a3b4af8f89fe3c1 leading-relaxed text-sm transition-colors duration-200 text-left break-words text-gray-800 group-hover:text-gray-900\">O t\u00e9cnico Aliou Ciss\u00e9 prepara ao detalhe a convocat\u00f3ria das palancas negras. A primeira partida ser\u00e1 diante do Egipto no dia 25 deste m\u00eas no Cairo e no dia 6 de outubro a segunda jornada com a sele\u00e7\u00e3o do Malawi.<\/p>\n<\/div>\n<\/div>\n<\/div>\n","protected":false},"excerpt":{"rendered":"<p>Os Palancas negras podem ser convocados no dia 16 deste m\u00eas na sede da federa\u00e7\u00e3o angolana de futebol, no quadro da disputa dos Jogos para a Corrida ao CAN de 2027. O t\u00e9cnico Aliou Ciss\u00e9 prepara ao detalhe a convocat\u00f3ria das palancas negras. A primeira partida ser\u00e1 diante do Egipto ...<\/p>\n","protected":false},"author":21,"featured_media":219766,"comment_status":"closed","ping_status":"closed","sticky":false,"template":"","format":"standard","meta":[],"categories":[145,125],"tags":[],"_links":{"self":[{"href":"https:\/\/rna.ao\/rna.ao\/wp-json\/wp\/v2\/posts\/230179"}],"collection":[{"href":"https:\/\/rna.ao\/rna.ao\/wp-json\/wp\/v2\/posts"}],"about":[{"href":"https:\/\/rna.ao\/rna.ao\/wp-json\/wp\/v2\/types\/post"}],"author":[{"embeddable":true,"href":"https:\/\/rna.ao\/rna.ao\/wp-json\/wp\/v2\/users\/21"}],"replies":[{"embeddable":true,"href":"https:\/\/rna.ao\/rna.ao\/wp-json\/wp\/v2\/comments?post=230179"}],"version-history":[{"count":3,"href":"https:\/\/rna.ao\/rna.ao\/wp-json\/wp\/v2\/posts\/230179\/revisions"}],"predecessor-version":[{"id":230182,"href":"https:\/\/rna.ao\/rna.ao\/wp-json\/wp\/v2\/posts\/230179\/revisions\/230182"}],"wp:featuredmedia":[{"embeddable":true,"href":"https:\/\/rna.ao\/rna.ao\/wp-json\/wp\/v2\/media\/219766"}],"wp:attachment":[{"href":"https:\/\/rna.ao\/rna.ao\/wp-json\/wp\/v2\/media?parent=230179"}],"wp:term":[{"taxonomy":"category","embeddable":true,"href":"https:\/\/rna.ao\/rna.ao\/wp-json\/wp\/v2\/categories?post=230179"},{"taxonomy":"post_tag","embeddable":true,"href":"https:\/\/rna.ao\/rna.ao\/wp-json\/wp\/v2\/tags?post=230179"}],"curies":[{"name":"wp","href":"https:\/\/api.w.org\/{rel}","templated":true}]}}