{"id":230170,"date":"2026-09-04T15:23:52","date_gmt":"2026-09-04T14:23:52","guid":{"rendered":"https:\/\/rna.ao\/rna.ao\/?p=230170"},"modified":"2026-09-04T15:26:06","modified_gmt":"2026-09-04T14:26:06","slug":"presidente-da-republica-joao-lourenco-inaugura-centro-da-juventude-no-cunene","status":"publish","type":"post","link":"https:\/\/rna.ao\/rna.ao\/2026\/09\/04\/presidente-da-republica-joao-lourenco-inaugura-centro-da-juventude-no-cunene\/","title":{"rendered":"Presidente da Rep\u00fablica inaugura Centro Juvenil Olukeno na prov\u00edncia do Cunene"},"content":{"rendered":"<p><img loading=\"lazy\" class=\"alignnone size-medium wp-image-230173\" src=\"https:\/\/rna.ao\/rna.ao\/wp-content\/uploads\/2026\/09\/6285114_imagem-1-770x513.jpeg\" alt=\"\" width=\"770\" height=\"513\" srcset=\"https:\/\/rna.ao\/rna.ao\/wp-content\/uploads\/2026\/09\/6285114_imagem-1-770x513.jpeg 770w, https:\/\/rna.ao\/rna.ao\/wp-content\/uploads\/2026\/09\/6285114_imagem-1-1170x780.jpeg 1170w, https:\/\/rna.ao\/rna.ao\/wp-content\/uploads\/2026\/09\/6285114_imagem-1-768x512.jpeg 768w, https:\/\/rna.ao\/rna.ao\/wp-content\/uploads\/2026\/09\/6285114_imagem-1-1536x1023.jpeg 1536w, https:\/\/rna.ao\/rna.ao\/wp-content\/uploads\/2026\/09\/6285114_imagem-1.jpeg 1600w\" sizes=\"(max-width: 770px) 100vw, 770px\" \/><\/p>\n<p>A prov\u00edncia do Cunene passa a contar desde hoje com um novo centro juvenil, uma infra-estrutura com servi\u00e7os integrados para crian\u00e7as, adolescentes e jovens oferecido pela funda\u00e7\u00e3o Ngana Zenza, \u00e7iderada pela Primeira Dama da Rep\u00fablica, Ana Dias Louren\u00e7o.<\/p>\n<p>Inaugurado pelo Presidente da Rep\u00fablica, Jo\u00e3o Louren\u00e7o, o centro Olukeno constru\u00eddo de raiz, ocupa uma \u00e1rea de nove mil e 722 metros quadrados. Jornalista Sany Fuche. Clique no \u00e1udio abaixo e ou\u00e7a:<\/p>\n\t<div class=\"qtmplayer-playlist-large\">\n\t\t<ul class=\"qtmplayer-playlist\">\n\t\t\t\n\t\t\t\t\t<li class=\"qtmplayer-trackitem\">\n\t\t<img src=\"https:\/\/rna.ao\/rna.ao\/wp-content\/uploads\/2026\/09\/6285114_imagem-1-100x100.jpeg\" alt=\"cover\">\t\t<span \t\t\tdata-qtmplayer-cover=\"https:\/\/rna.ao\/rna.ao\/wp-content\/uploads\/2026\/09\/6285114_imagem-1-370x370.jpeg\"\n\t\t\t\t\t\tdata-qtmplayer-file=\"https:\/\/rna.ao\/rna.ao\/wp-content\/uploads\/2026\/09\/SANY-FUCHE.mp3\"\n\t\t\t\t\t\tdata-qtmplayer-title=\"Presidente da Rep\u00fablica inaugura Centro Juvenil Olukeno na prov\u00edncia do Cunene\"\n\t\t\t\t\t\tdata-qtmplayer-artist=\"Patr\u00edcia Campos\"\n\t\t\t\t\t\tdata-qtmplayer-link=\"https:\/\/rna.ao\/rna.ao\/2026\/09\/04\/presidente-da-republica-joao-lourenco-inaugura-centro-da-juventude-no-cunene\/\"\n\t\t\t\t\t\tdata-qtmplayer-icon=\"file_download\"\n\t\t\t\t\t\tdata-qtmplayer-type=\"track\"\n\t\t\t class=\"qtmplayer-play qtmplayer-link-sec qtmplayer-play-btn\"><i class='material-icons'>play_arrow<\/i><\/span>\n\t\t<p>\n\t\t\t<span class=\"qtmplayer-tit\">Presidente da Rep\u00fablica inaugura Centro Juvenil Olukeno na prov\u00edncia do Cunene<\/span>\n\t\t\t<span class=\"qtmplayer-art\">Patr\u00edcia Campos<\/span>\n\t\t<\/p>\n\t<\/li>\n\t\t<\/ul>\n\t<\/div>\t\t\t\n\t\n<p>&nbsp;<\/p>\n","protected":false},"excerpt":{"rendered":"<p>A prov\u00edncia do Cunene passa a contar desde hoje com um novo centro juvenil, uma infra-estrutura com servi\u00e7os integrados para crian\u00e7as, adolescentes e jovens oferecido pela funda\u00e7\u00e3o Ngana Zenza, \u00e7iderada pela Primeira Dama da Rep\u00fablica, Ana Dias Louren\u00e7o. Inaugurado pelo Presidente da Rep\u00fablica, Jo\u00e3o Louren\u00e7o, o centro Olukeno constru\u00eddo de ...<\/p>\n","protected":false},"author":21,"featured_media":230173,"comment_status":"closed","ping_status":"closed","sticky":false,"template":"","format":"standard","meta":[],"categories":[142,121,164,163],"tags":[],"_links":{"self":[{"href":"https:\/\/rna.ao\/rna.ao\/wp-json\/wp\/v2\/posts\/230170"}],"collection":[{"href":"https:\/\/rna.ao\/rna.ao\/wp-json\/wp\/v2\/posts"}],"about":[{"href":"https:\/\/rna.ao\/rna.ao\/wp-json\/wp\/v2\/types\/post"}],"author":[{"embeddable":true,"href":"https:\/\/rna.ao\/rna.ao\/wp-json\/wp\/v2\/users\/21"}],"replies":[{"embeddable":true,"href":"https:\/\/rna.ao\/rna.ao\/wp-json\/wp\/v2\/comments?post=230170"}],"version-history":[{"count":3,"href":"https:\/\/rna.ao\/rna.ao\/wp-json\/wp\/v2\/posts\/230170\/revisions"}],"predecessor-version":[{"id":230177,"href":"https:\/\/rna.ao\/rna.ao\/wp-json\/wp\/v2\/posts\/230170\/revisions\/230177"}],"wp:featuredmedia":[{"embeddable":true,"href":"https:\/\/rna.ao\/rna.ao\/wp-json\/wp\/v2\/media\/230173"}],"wp:attachment":[{"href":"https:\/\/rna.ao\/rna.ao\/wp-json\/wp\/v2\/media?parent=230170"}],"wp:term":[{"taxonomy":"category","embeddable":true,"href":"https:\/\/rna.ao\/rna.ao\/wp-json\/wp\/v2\/categories?post=230170"},{"taxonomy":"post_tag","embeddable":true,"href":"https:\/\/rna.ao\/rna.ao\/wp-json\/wp\/v2\/tags?post=230170"}],"curies":[{"name":"wp","href":"https:\/\/api.w.org\/{rel}","templated":true}]}}