{"id":230162,"date":"2026-09-04T14:56:52","date_gmt":"2026-09-04T13:56:52","guid":{"rendered":"https:\/\/rna.ao\/rna.ao\/?p=230162"},"modified":"2026-09-04T15:27:05","modified_gmt":"2026-09-04T14:27:05","slug":"barragens-do-ndue-e-calucuve-a-serem-inauguradas-amanha-abrem-nova-era-na-vida-da-populacao-do-cunene","status":"publish","type":"post","link":"https:\/\/rna.ao\/rna.ao\/2026\/09\/04\/barragens-do-ndue-e-calucuve-a-serem-inauguradas-amanha-abrem-nova-era-na-vida-da-populacao-do-cunene\/","title":{"rendered":"Barragens do Nd\u00fae e Calucuve a serem inauguradas amanh\u00e3 v\u00e3o abrir nova era na vida da popula\u00e7\u00e3o do Cunene"},"content":{"rendered":"<div class=\"jsx-2a3b4af8f89fe3c1 group relative rounded-lg sm:rounded-xl shadow-sm border transition-all duration-300 cursor-pointer py-2 sm:py-1 px-2 sm:px-2 bg-white border-gray-100 hover:shadow-md hover:border-primary\/20 hover:bg-primary\/5\">\n<div class=\"jsx-2a3b4af8f89fe3c1 flex flex-col sm:flex-row sm:items-center gap-2 sm:gap-3\">\n<div class=\"jsx-2a3b4af8f89fe3c1 flex-1 min-w-0\">\n<p><img loading=\"lazy\" class=\"alignnone wp-image-230168\" src=\"https:\/\/rna.ao\/rna.ao\/wp-content\/uploads\/2026\/09\/WhatsApp-Image-2026-09-04-at-15.00.59-770x444.jpeg\" alt=\"\" width=\"532\" height=\"307\" srcset=\"https:\/\/rna.ao\/rna.ao\/wp-content\/uploads\/2026\/09\/WhatsApp-Image-2026-09-04-at-15.00.59-770x444.jpeg 770w, https:\/\/rna.ao\/rna.ao\/wp-content\/uploads\/2026\/09\/WhatsApp-Image-2026-09-04-at-15.00.59-1170x675.jpeg 1170w, https:\/\/rna.ao\/rna.ao\/wp-content\/uploads\/2026\/09\/WhatsApp-Image-2026-09-04-at-15.00.59-768x443.jpeg 768w, https:\/\/rna.ao\/rna.ao\/wp-content\/uploads\/2026\/09\/WhatsApp-Image-2026-09-04-at-15.00.59.jpeg 1280w\" sizes=\"(max-width: 532px) 100vw, 532px\" \/><\/p>\n<p class=\"jsx-2a3b4af8f89fe3c1 leading-relaxed text-sm transition-colors duration-200 text-left break-words text-gray-800 group-hover:text-gray-900\">O Presidente da Rep\u00fablica inaugura amanh\u00e3 as barragens de Nduwe e Calukuwe, apontadas como duas infraestruturas estrat\u00e9gicas que v\u00e3o transformar a vida da popula\u00e7\u00e3o local e assegurar o aumento da seguran\u00e7a h\u00eddrica do Cunene.<\/p>\n<\/div>\n<\/div>\n<div class=\"jsx-2a3b4af8f89fe3c1 absolute left-0 top-0 bottom-0 w-1 rounded-l-xl transition-opacity duration-300 bg-primary opacity-0 group-hover:opacity-100\">As duas infraestruturas v\u00e3o tamb\u00e9m conferir melhores condi\u00e7\u00f5es para as comunidades deixando de depender exclusivamente da chuva para desenvolver a agricultura e garantir o abeberamento do gado.<\/div>\n<\/div>\n<div class=\"jsx-2a3b4af8f89fe3c1 group relative rounded-lg sm:rounded-xl shadow-sm border transition-all duration-300 cursor-pointer py-2 sm:py-1 px-2 sm:px-2 bg-white border-gray-100 hover:shadow-md hover:border-primary\/20 hover:bg-primary\/5\">\n<div><\/div>\n<div class=\"jsx-2a3b4af8f89fe3c1 absolute left-0 top-0 bottom-0 w-1 rounded-l-xl transition-opacity duration-300 bg-primary opacity-0 group-hover:opacity-100\">Jornalista Rom\u00e3o Ferreira. Clique no \u00e1udio abaixo e ou\u00e7a:<\/div>\n<\/div>\n<div class=\"jsx-2a3b4af8f89fe3c1 group relative rounded-lg sm:rounded-xl shadow-sm border transition-all duration-300 cursor-pointer py-2 sm:py-1 px-2 sm:px-2 bg-white border-gray-100 hover:shadow-md hover:border-primary\/20 hover:bg-primary\/5\">\n<div class=\"jsx-2a3b4af8f89fe3c1 flex flex-col sm:flex-row sm:items-center gap-2 sm:gap-3\">\n<div class=\"jsx-2a3b4af8f89fe3c1 flex items-center gap-2 sm:gap-3\">\n\t<div class=\"qtmplayer-playlist-large\">\n\t\t<ul class=\"qtmplayer-playlist\">\n\t\t\t\n\t\t\t\t\t<li class=\"qtmplayer-trackitem\">\n\t\t<img src=\"https:\/\/rna.ao\/rna.ao\/wp-content\/uploads\/2026\/09\/WhatsApp-Image-2026-09-04-at-15.00.59-100x100.jpeg\" alt=\"cover\">\t\t<span \t\t\tdata-qtmplayer-cover=\"https:\/\/rna.ao\/rna.ao\/wp-content\/uploads\/2026\/09\/WhatsApp-Image-2026-09-04-at-15.00.59-370x370.jpeg\"\n\t\t\t\t\t\tdata-qtmplayer-file=\"https:\/\/rna.ao\/rna.ao\/wp-content\/uploads\/2026\/09\/ROMAO-FERREIRA.mp3\"\n\t\t\t\t\t\tdata-qtmplayer-title=\"Barragens do Nd\u00fae e Calucuve a serem inauguradas amanh\u00e3 v\u00e3o abrir nova era na vida da popula\u00e7\u00e3o do Cunene\"\n\t\t\t\t\t\tdata-qtmplayer-artist=\"Patr\u00edcia Campos\"\n\t\t\t\t\t\tdata-qtmplayer-link=\"https:\/\/rna.ao\/rna.ao\/2026\/09\/04\/barragens-do-ndue-e-calucuve-a-serem-inauguradas-amanha-abrem-nova-era-na-vida-da-populacao-do-cunene\/\"\n\t\t\t\t\t\tdata-qtmplayer-icon=\"file_download\"\n\t\t\t\t\t\tdata-qtmplayer-type=\"track\"\n\t\t\t class=\"qtmplayer-play qtmplayer-link-sec qtmplayer-play-btn\"><i class='material-icons'>play_arrow<\/i><\/span>\n\t\t<p>\n\t\t\t<span class=\"qtmplayer-tit\">Barragens do Nd\u00fae e Calucuve a serem inauguradas amanh\u00e3 v\u00e3o abrir nova era na vida da popula\u00e7\u00e3o do Cunene<\/span>\n\t\t\t<span class=\"qtmplayer-art\">Patr\u00edcia Campos<\/span>\n\t\t<\/p>\n\t<\/li>\n\t\t<\/ul>\n\t<\/div>\t\t\t\n\t\n<\/div>\n<\/div>\n<\/div>\n","protected":false},"excerpt":{"rendered":"<p>O Presidente da Rep\u00fablica inaugura amanh\u00e3 as barragens de Nduwe e Calukuwe, apontadas como duas infraestruturas estrat\u00e9gicas que v\u00e3o transformar a vida da popula\u00e7\u00e3o local e assegurar o aumento da seguran\u00e7a h\u00eddrica do Cunene. As duas infraestruturas v\u00e3o tamb\u00e9m conferir melhores condi\u00e7\u00f5es para as comunidades deixando de depender exclusivamente da ...<\/p>\n","protected":false},"author":21,"featured_media":230168,"comment_status":"closed","ping_status":"closed","sticky":false,"template":"","format":"standard","meta":[],"categories":[142,121,164,163],"tags":[],"_links":{"self":[{"href":"https:\/\/rna.ao\/rna.ao\/wp-json\/wp\/v2\/posts\/230162"}],"collection":[{"href":"https:\/\/rna.ao\/rna.ao\/wp-json\/wp\/v2\/posts"}],"about":[{"href":"https:\/\/rna.ao\/rna.ao\/wp-json\/wp\/v2\/types\/post"}],"author":[{"embeddable":true,"href":"https:\/\/rna.ao\/rna.ao\/wp-json\/wp\/v2\/users\/21"}],"replies":[{"embeddable":true,"href":"https:\/\/rna.ao\/rna.ao\/wp-json\/wp\/v2\/comments?post=230162"}],"version-history":[{"count":5,"href":"https:\/\/rna.ao\/rna.ao\/wp-json\/wp\/v2\/posts\/230162\/revisions"}],"predecessor-version":[{"id":230178,"href":"https:\/\/rna.ao\/rna.ao\/wp-json\/wp\/v2\/posts\/230162\/revisions\/230178"}],"wp:featuredmedia":[{"embeddable":true,"href":"https:\/\/rna.ao\/rna.ao\/wp-json\/wp\/v2\/media\/230168"}],"wp:attachment":[{"href":"https:\/\/rna.ao\/rna.ao\/wp-json\/wp\/v2\/media?parent=230162"}],"wp:term":[{"taxonomy":"category","embeddable":true,"href":"https:\/\/rna.ao\/rna.ao\/wp-json\/wp\/v2\/categories?post=230162"},{"taxonomy":"post_tag","embeddable":true,"href":"https:\/\/rna.ao\/rna.ao\/wp-json\/wp\/v2\/tags?post=230162"}],"curies":[{"name":"wp","href":"https:\/\/api.w.org\/{rel}","templated":true}]}}