{"id":230145,"date":"2026-09-04T12:40:47","date_gmt":"2026-09-04T11:40:47","guid":{"rendered":"https:\/\/rna.ao\/rna.ao\/?p=230145"},"modified":"2026-09-04T12:40:47","modified_gmt":"2026-09-04T11:40:47","slug":"ofensiva-das-forcas-governamentais-do-iemen-contra-rebeldes-huthis-faz-mais-de-80-mortos","status":"publish","type":"post","link":"https:\/\/rna.ao\/rna.ao\/2026\/09\/04\/ofensiva-das-forcas-governamentais-do-iemen-contra-rebeldes-huthis-faz-mais-de-80-mortos\/","title":{"rendered":"Ofensiva das For\u00e7as governamentais do I\u00e9men contra rebeldes huthis faz mais de 80 mortos"},"content":{"rendered":"<div class=\"jsx-2a3b4af8f89fe3c1 group relative rounded-lg sm:rounded-xl shadow-sm border transition-all duration-300 cursor-pointer py-2 sm:py-1 px-2 sm:px-2 bg-white border-gray-100 hover:shadow-md hover:border-primary\/20 hover:bg-primary\/5\">\n<div class=\"jsx-2a3b4af8f89fe3c1 flex flex-col sm:flex-row sm:items-center gap-2 sm:gap-3\">\n<div class=\"jsx-2a3b4af8f89fe3c1 flex-1 min-w-0\"><\/div>\n<\/div>\n<\/div>\n<div class=\"jsx-2a3b4af8f89fe3c1 group relative rounded-lg sm:rounded-xl shadow-sm border transition-all duration-300 cursor-pointer py-2 sm:py-1 px-2 sm:px-2 bg-white border-gray-100 hover:shadow-md hover:border-primary\/20 hover:bg-primary\/5\">\n<div class=\"jsx-2a3b4af8f89fe3c1 flex flex-col sm:flex-row sm:items-center gap-2 sm:gap-3\">\n<div><img loading=\"lazy\" class=\"alignnone size-full wp-image-230147\" src=\"https:\/\/rna.ao\/rna.ao\/wp-content\/uploads\/2026\/09\/WhatsApp-Image-2026-09-04-at-12.38.25.jpeg\" alt=\"\" width=\"450\" height=\"253\" \/><\/div>\n<div><\/div>\n<div class=\"jsx-2a3b4af8f89fe3c1 flex items-center gap-2 sm:gap-3\">Mais de 80 pessoas morreram desde quinta-feira em confrontos entre as for\u00e7as pro-governamentais do I\u00e9men e os rebeldes <span class=\"gs_tkn\">h<\/span><span class=\"gs_tkn\">uthi<\/span><span class=\"gs_tkn\">s,<\/span> disseram hoje fontes das duas partes do conflito.<\/div>\n<\/div>\n<div><\/div>\n<div class=\"jsx-2a3b4af8f89fe3c1 absolute left-0 top-0 bottom-0 w-1 rounded-l-xl transition-opacity duration-300 bg-primary opacity-0 group-hover:opacity-100\">Os huthis, que controlam grande parte do norte e oeste do I\u00e9men, combatem as for\u00e7as alinhadas com o Governo do I\u00e9men internacionalmente reconhecido desde que tomaram a capital do pa\u00eds, no final de 2014. Jornalista Isaac Rezende. Clique no \u00e1udio abaixo e ou\u00e7a:<\/div>\n<\/div>\n<div class=\"jsx-2a3b4af8f89fe3c1 group relative rounded-lg sm:rounded-xl shadow-sm border transition-all duration-300 cursor-pointer py-2 sm:py-1 px-2 sm:px-2 bg-white border-gray-100 hover:shadow-md hover:border-primary\/20 hover:bg-primary\/5\">\n<div class=\"jsx-2a3b4af8f89fe3c1 flex flex-col sm:flex-row sm:items-center gap-2 sm:gap-3\">\n<div class=\"jsx-2a3b4af8f89fe3c1 flex-1 min-w-0\">\n\t<div class=\"qtmplayer-playlist-large\">\n\t\t<ul class=\"qtmplayer-playlist\">\n\t\t\t\n\t\t\t\t\t<li class=\"qtmplayer-trackitem\">\n\t\t<img src=\"https:\/\/rna.ao\/rna.ao\/wp-content\/uploads\/2026\/09\/WhatsApp-Image-2026-09-04-at-12.38.25-100x100.jpeg\" alt=\"cover\">\t\t<span \t\t\tdata-qtmplayer-cover=\"https:\/\/rna.ao\/rna.ao\/wp-content\/uploads\/2026\/09\/WhatsApp-Image-2026-09-04-at-12.38.25.jpeg\"\n\t\t\t\t\t\tdata-qtmplayer-file=\"https:\/\/rna.ao\/rna.ao\/wp-content\/uploads\/2026\/09\/ISAAC-RESENDE.mp3\"\n\t\t\t\t\t\tdata-qtmplayer-title=\"Ofensiva das For\u00e7as governamentais do I\u00e9men contra rebeldes huthis faz mais de 80 mortos\"\n\t\t\t\t\t\tdata-qtmplayer-artist=\"Patr\u00edcia Campos\"\n\t\t\t\t\t\tdata-qtmplayer-link=\"https:\/\/rna.ao\/rna.ao\/2026\/09\/04\/ofensiva-das-forcas-governamentais-do-iemen-contra-rebeldes-huthis-faz-mais-de-80-mortos\/\"\n\t\t\t\t\t\tdata-qtmplayer-icon=\"file_download\"\n\t\t\t\t\t\tdata-qtmplayer-type=\"track\"\n\t\t\t class=\"qtmplayer-play qtmplayer-link-sec qtmplayer-play-btn\"><i class='material-icons'>play_arrow<\/i><\/span>\n\t\t<p>\n\t\t\t<span class=\"qtmplayer-tit\">Ofensiva das For\u00e7as governamentais do I\u00e9men contra rebeldes huthis faz mais de 80 mortos<\/span>\n\t\t\t<span class=\"qtmplayer-art\">Patr\u00edcia Campos<\/span>\n\t\t<\/p>\n\t<\/li>\n\t\t<\/ul>\n\t<\/div>\t\t\t\n\t\n<\/div>\n<\/div>\n<\/div>\n","protected":false},"excerpt":{"rendered":"<p>Mais de 80 pessoas morreram desde quinta-feira em confrontos entre as for\u00e7as pro-governamentais do I\u00e9men e os rebeldes huthis, disseram hoje fontes das duas partes do conflito. Os huthis, que controlam grande parte do norte e oeste do I\u00e9men, combatem as for\u00e7as alinhadas com o Governo do I\u00e9men internacionalmente reconhecido ...<\/p>\n","protected":false},"author":21,"featured_media":230147,"comment_status":"closed","ping_status":"closed","sticky":false,"template":"","format":"standard","meta":[],"categories":[142,121,164,163],"tags":[],"_links":{"self":[{"href":"https:\/\/rna.ao\/rna.ao\/wp-json\/wp\/v2\/posts\/230145"}],"collection":[{"href":"https:\/\/rna.ao\/rna.ao\/wp-json\/wp\/v2\/posts"}],"about":[{"href":"https:\/\/rna.ao\/rna.ao\/wp-json\/wp\/v2\/types\/post"}],"author":[{"embeddable":true,"href":"https:\/\/rna.ao\/rna.ao\/wp-json\/wp\/v2\/users\/21"}],"replies":[{"embeddable":true,"href":"https:\/\/rna.ao\/rna.ao\/wp-json\/wp\/v2\/comments?post=230145"}],"version-history":[{"count":1,"href":"https:\/\/rna.ao\/rna.ao\/wp-json\/wp\/v2\/posts\/230145\/revisions"}],"predecessor-version":[{"id":230148,"href":"https:\/\/rna.ao\/rna.ao\/wp-json\/wp\/v2\/posts\/230145\/revisions\/230148"}],"wp:featuredmedia":[{"embeddable":true,"href":"https:\/\/rna.ao\/rna.ao\/wp-json\/wp\/v2\/media\/230147"}],"wp:attachment":[{"href":"https:\/\/rna.ao\/rna.ao\/wp-json\/wp\/v2\/media?parent=230145"}],"wp:term":[{"taxonomy":"category","embeddable":true,"href":"https:\/\/rna.ao\/rna.ao\/wp-json\/wp\/v2\/categories?post=230145"},{"taxonomy":"post_tag","embeddable":true,"href":"https:\/\/rna.ao\/rna.ao\/wp-json\/wp\/v2\/tags?post=230145"}],"curies":[{"name":"wp","href":"https:\/\/api.w.org\/{rel}","templated":true}]}}