{"id":230142,"date":"2026-09-04T12:26:14","date_gmt":"2026-09-04T11:26:14","guid":{"rendered":"https:\/\/rna.ao\/rna.ao\/?p=230142"},"modified":"2026-09-04T12:26:14","modified_gmt":"2026-09-04T11:26:14","slug":"malaria-mata-mais-de-duzentas-pessoas-nos-ultimos-seis-meses-na-provincia-do-cubango","status":"publish","type":"post","link":"https:\/\/rna.ao\/rna.ao\/2026\/09\/04\/malaria-mata-mais-de-duzentas-pessoas-nos-ultimos-seis-meses-na-provincia-do-cubango\/","title":{"rendered":"Malaria mata mais de duzentas pessoas nos \u00faltimos seis meses na prov\u00edncia do Cubango"},"content":{"rendered":"<div class=\"jsx-2a3b4af8f89fe3c1 group relative rounded-lg sm:rounded-xl shadow-sm border transition-all duration-300 cursor-pointer py-2 sm:py-1 px-2 sm:px-2 bg-white border-gray-100 hover:shadow-md hover:border-primary\/20 hover:bg-primary\/5\">\n<div class=\"jsx-2a3b4af8f89fe3c1 flex flex-col sm:flex-row sm:items-center gap-2 sm:gap-3\">\n<div class=\"jsx-2a3b4af8f89fe3c1 flex-1 min-w-0\">\n<p><img loading=\"lazy\" class=\"alignnone size-medium wp-image-92543\" src=\"https:\/\/rna.ao\/rna.ao\/wp-content\/uploads\/2023\/02\/aumentam-os-casos-de-malaria-no-uige-em-menos-de-uma-semana-ja-fez-5-vitimas-mortais_1484675966-b-770x434.jpg\" alt=\"\" width=\"770\" height=\"434\" srcset=\"https:\/\/rna.ao\/rna.ao\/wp-content\/uploads\/2023\/02\/aumentam-os-casos-de-malaria-no-uige-em-menos-de-uma-semana-ja-fez-5-vitimas-mortais_1484675966-b-770x434.jpg 770w, https:\/\/rna.ao\/rna.ao\/wp-content\/uploads\/2023\/02\/aumentam-os-casos-de-malaria-no-uige-em-menos-de-uma-semana-ja-fez-5-vitimas-mortais_1484675966-b-768x433.jpg 768w, https:\/\/rna.ao\/rna.ao\/wp-content\/uploads\/2023\/02\/aumentam-os-casos-de-malaria-no-uige-em-menos-de-uma-semana-ja-fez-5-vitimas-mortais_1484675966-b.jpg 780w\" sizes=\"(max-width: 770px) 100vw, 770px\" \/><\/p>\n<p class=\"jsx-2a3b4af8f89fe3c1 leading-relaxed text-sm transition-colors duration-200 text-left break-words text-gray-800 group-hover:text-gray-900\">Mais de 200 pessoas morreram por mal\u00e1ria na prov\u00edncia do Cubango nos \u00faltimos seis meses deste ano. Menongue \u00e9 o munic\u00edpio com o maior n\u00famero de mortes pela doen\u00e7a.<\/p>\n<\/div>\n<\/div>\n<\/div>\n<div class=\"jsx-2a3b4af8f89fe3c1 group relative rounded-lg sm:rounded-xl shadow-sm border transition-all duration-300 cursor-pointer py-2 sm:py-1 px-2 sm:px-2 bg-white border-gray-100 hover:shadow-md hover:border-primary\/20 hover:bg-primary\/5\">\n<div class=\"jsx-2a3b4af8f89fe3c1 flex flex-col sm:flex-row sm:items-center gap-2 sm:gap-3\">\n<div class=\"jsx-2a3b4af8f89fe3c1 flex items-center gap-2 sm:gap-3\">Jornalista Pelicano Batista. Clique no \u00e1udio abaixo e ou\u00e7a:\t<div class=\"qtmplayer-playlist-large\">\n\t\t<ul class=\"qtmplayer-playlist\">\n\t\t\t\n\t\t\t\t\t<li class=\"qtmplayer-trackitem\">\n\t\t<img src=\"https:\/\/rna.ao\/rna.ao\/wp-content\/uploads\/2025\/02\/MALARIA-EM-LUANDA-100x100.jpg\" alt=\"cover\">\t\t<span \t\t\tdata-qtmplayer-cover=\"https:\/\/rna.ao\/rna.ao\/wp-content\/uploads\/2025\/02\/MALARIA-EM-LUANDA.jpg\"\n\t\t\t\t\t\tdata-qtmplayer-file=\"https:\/\/rna.ao\/rna.ao\/wp-content\/uploads\/2026\/09\/PELICANO-BAPTISTA-1.mp3\"\n\t\t\t\t\t\tdata-qtmplayer-title=\"Malaria mata mais de duzentas pessoas nos \u00faltimos seis meses na prov\u00edncia do Cubango\"\n\t\t\t\t\t\tdata-qtmplayer-artist=\"Patr\u00edcia Campos\"\n\t\t\t\t\t\tdata-qtmplayer-link=\"https:\/\/rna.ao\/rna.ao\/2026\/09\/04\/malaria-mata-mais-de-duzentas-pessoas-nos-ultimos-seis-meses-na-provincia-do-cubango\/\"\n\t\t\t\t\t\tdata-qtmplayer-icon=\"file_download\"\n\t\t\t\t\t\tdata-qtmplayer-type=\"track\"\n\t\t\t class=\"qtmplayer-play qtmplayer-link-sec qtmplayer-play-btn\"><i class='material-icons'>play_arrow<\/i><\/span>\n\t\t<p>\n\t\t\t<span class=\"qtmplayer-tit\">Malaria mata mais de duzentas pessoas nos \u00faltimos seis meses na prov\u00edncia do Cubango<\/span>\n\t\t\t<span class=\"qtmplayer-art\">Patr\u00edcia Campos<\/span>\n\t\t<\/p>\n\t<\/li>\n\t\t<\/ul>\n\t<\/div>\t\t\t\n\t<\/p>\n<\/div>\n<\/div>\n<\/div>\n","protected":false},"excerpt":{"rendered":"<p>Mais de 200 pessoas morreram por mal\u00e1ria na prov\u00edncia do Cubango nos \u00faltimos seis meses deste ano. Menongue \u00e9 o munic\u00edpio com o maior n\u00famero de mortes pela doen\u00e7a. Jornalista Pelicano Batista. Clique no \u00e1udio abaixo e ou\u00e7a:<\/p>\n","protected":false},"author":21,"featured_media":167444,"comment_status":"closed","ping_status":"closed","sticky":false,"template":"","format":"standard","meta":[],"categories":[142,121,164,163],"tags":[],"_links":{"self":[{"href":"https:\/\/rna.ao\/rna.ao\/wp-json\/wp\/v2\/posts\/230142"}],"collection":[{"href":"https:\/\/rna.ao\/rna.ao\/wp-json\/wp\/v2\/posts"}],"about":[{"href":"https:\/\/rna.ao\/rna.ao\/wp-json\/wp\/v2\/types\/post"}],"author":[{"embeddable":true,"href":"https:\/\/rna.ao\/rna.ao\/wp-json\/wp\/v2\/users\/21"}],"replies":[{"embeddable":true,"href":"https:\/\/rna.ao\/rna.ao\/wp-json\/wp\/v2\/comments?post=230142"}],"version-history":[{"count":1,"href":"https:\/\/rna.ao\/rna.ao\/wp-json\/wp\/v2\/posts\/230142\/revisions"}],"predecessor-version":[{"id":230144,"href":"https:\/\/rna.ao\/rna.ao\/wp-json\/wp\/v2\/posts\/230142\/revisions\/230144"}],"wp:featuredmedia":[{"embeddable":true,"href":"https:\/\/rna.ao\/rna.ao\/wp-json\/wp\/v2\/media\/167444"}],"wp:attachment":[{"href":"https:\/\/rna.ao\/rna.ao\/wp-json\/wp\/v2\/media?parent=230142"}],"wp:term":[{"taxonomy":"category","embeddable":true,"href":"https:\/\/rna.ao\/rna.ao\/wp-json\/wp\/v2\/categories?post=230142"},{"taxonomy":"post_tag","embeddable":true,"href":"https:\/\/rna.ao\/rna.ao\/wp-json\/wp\/v2\/tags?post=230142"}],"curies":[{"name":"wp","href":"https:\/\/api.w.org\/{rel}","templated":true}]}}