{"id":230138,"date":"2026-09-04T12:11:03","date_gmt":"2026-09-04T11:11:03","guid":{"rendered":"https:\/\/rna.ao\/rna.ao\/?p=230138"},"modified":"2026-09-04T12:11:22","modified_gmt":"2026-09-04T11:11:22","slug":"presidente-da-republica-chega-ao-cunene-onde-vai-efectuar-uma-visita-de-trabalho-de-dois-dias","status":"publish","type":"post","link":"https:\/\/rna.ao\/rna.ao\/2026\/09\/04\/presidente-da-republica-chega-ao-cunene-onde-vai-efectuar-uma-visita-de-trabalho-de-dois-dias\/","title":{"rendered":"Presidente da Rep\u00fablica chega ao Cunene para uma visita de trabalho de dois dias"},"content":{"rendered":"<p><img loading=\"lazy\" class=\"alignnone size-medium wp-image-230139\" src=\"https:\/\/rna.ao\/rna.ao\/wp-content\/uploads\/2026\/09\/WhatsApp-Image-2026-09-04-at-12.06.00-770x491.jpeg\" alt=\"\" width=\"770\" height=\"491\" srcset=\"https:\/\/rna.ao\/rna.ao\/wp-content\/uploads\/2026\/09\/WhatsApp-Image-2026-09-04-at-12.06.00-770x491.jpeg 770w, https:\/\/rna.ao\/rna.ao\/wp-content\/uploads\/2026\/09\/WhatsApp-Image-2026-09-04-at-12.06.00-768x490.jpeg 768w, https:\/\/rna.ao\/rna.ao\/wp-content\/uploads\/2026\/09\/WhatsApp-Image-2026-09-04-at-12.06.00.jpeg 800w\" sizes=\"(max-width: 770px) 100vw, 770px\" \/><\/p>\n<p>O Presidente da Rep\u00fablica, Jo\u00e3o Louren\u00e7o, chegou, na manh\u00e3 desta sexta-feira, \u00e0 prov\u00edncia do Cunene, onde inaugura, este s\u00e1bado, as barragens do Nd\u00fae e Calucuve, integradas no Programa de Combate aos Efeitos da Seca no Sul de Angola.<\/p>\n<p>Ao desembarcar no Aeroporto 11 de Novembro, em Ondjiva, o Chefe de Estado recebeu cumprimentos de boas-vindas pelo ministro de Estado e chefe da Casa Militar do Presidente da Rep\u00fablica, Jo\u00e3o Ernesto dos Santos, pelo ministro da Administra\u00e7\u00e3o do Territ\u00f3rio, Daniel F\u00e9lix Neto, pela governadora provincial do Cunene, Geraldina Didalelwa, al\u00e9m de entidades religiosas, autoridades tradicionais e outras individualidades.<\/p>\n<p>Neste primeiro dia da visita, Jo\u00e3o Louren\u00e7o inaugura o Centro da Juventude do Cunene \u201cOlukeno\u201d, iniciativa da Funda\u00e7\u00e3o Ngana Zenza para o Desenvolvimento Comunit\u00e1rio (FDC), no \u00e2mbito das ac\u00e7\u00f5es de responsabilidade social da institui\u00e7\u00e3o, que tem como patrona e principal dinamizadora a Primeira-Dama da Rep\u00fablica, Ana Dias Louren\u00e7o.<\/p>\n<p>&nbsp;<\/p>\n","protected":false},"excerpt":{"rendered":"<p>O Presidente da Rep\u00fablica, Jo\u00e3o Louren\u00e7o, chegou, na manh\u00e3 desta sexta-feira, \u00e0 prov\u00edncia do Cunene, onde inaugura, este s\u00e1bado, as barragens do Nd\u00fae e Calucuve, integradas no Programa de Combate aos Efeitos da Seca no Sul de Angola. Ao desembarcar no Aeroporto 11 de Novembro, em Ondjiva, o Chefe de ...<\/p>\n","protected":false},"author":21,"featured_media":230139,"comment_status":"closed","ping_status":"closed","sticky":false,"template":"","format":"standard","meta":[],"categories":[142,121,164,163],"tags":[],"_links":{"self":[{"href":"https:\/\/rna.ao\/rna.ao\/wp-json\/wp\/v2\/posts\/230138"}],"collection":[{"href":"https:\/\/rna.ao\/rna.ao\/wp-json\/wp\/v2\/posts"}],"about":[{"href":"https:\/\/rna.ao\/rna.ao\/wp-json\/wp\/v2\/types\/post"}],"author":[{"embeddable":true,"href":"https:\/\/rna.ao\/rna.ao\/wp-json\/wp\/v2\/users\/21"}],"replies":[{"embeddable":true,"href":"https:\/\/rna.ao\/rna.ao\/wp-json\/wp\/v2\/comments?post=230138"}],"version-history":[{"count":2,"href":"https:\/\/rna.ao\/rna.ao\/wp-json\/wp\/v2\/posts\/230138\/revisions"}],"predecessor-version":[{"id":230141,"href":"https:\/\/rna.ao\/rna.ao\/wp-json\/wp\/v2\/posts\/230138\/revisions\/230141"}],"wp:featuredmedia":[{"embeddable":true,"href":"https:\/\/rna.ao\/rna.ao\/wp-json\/wp\/v2\/media\/230139"}],"wp:attachment":[{"href":"https:\/\/rna.ao\/rna.ao\/wp-json\/wp\/v2\/media?parent=230138"}],"wp:term":[{"taxonomy":"category","embeddable":true,"href":"https:\/\/rna.ao\/rna.ao\/wp-json\/wp\/v2\/categories?post=230138"},{"taxonomy":"post_tag","embeddable":true,"href":"https:\/\/rna.ao\/rna.ao\/wp-json\/wp\/v2\/tags?post=230138"}],"curies":[{"name":"wp","href":"https:\/\/api.w.org\/{rel}","templated":true}]}}