{"id":230132,"date":"2026-09-04T11:44:53","date_gmt":"2026-09-04T10:44:53","guid":{"rendered":"https:\/\/rna.ao\/rna.ao\/?p=230132"},"modified":"2026-09-04T13:39:29","modified_gmt":"2026-09-04T12:39:29","slug":"peregrinacao-ao-santuario-da-muxima-ja-movimenta-a-provincia-do-icolo-e-bengo","status":"publish","type":"post","link":"https:\/\/rna.ao\/rna.ao\/2026\/09\/04\/peregrinacao-ao-santuario-da-muxima-ja-movimenta-a-provincia-do-icolo-e-bengo\/","title":{"rendered":"Peregrina\u00e7\u00e3o ao Santu\u00e1rio da Muxima movimenta a prov\u00edncia do Icolo e Bengo"},"content":{"rendered":"<p><img loading=\"lazy\" class=\"alignnone size-medium wp-image-230134\" src=\"https:\/\/rna.ao\/rna.ao\/wp-content\/uploads\/2026\/09\/WhatsApp-Image-2026-09-04-at-11.38.13-770x513.jpeg\" alt=\"\" width=\"770\" height=\"513\" srcset=\"https:\/\/rna.ao\/rna.ao\/wp-content\/uploads\/2026\/09\/WhatsApp-Image-2026-09-04-at-11.38.13-770x513.jpeg 770w, https:\/\/rna.ao\/rna.ao\/wp-content\/uploads\/2026\/09\/WhatsApp-Image-2026-09-04-at-11.38.13-1170x780.jpeg 1170w, https:\/\/rna.ao\/rna.ao\/wp-content\/uploads\/2026\/09\/WhatsApp-Image-2026-09-04-at-11.38.13-768x512.jpeg 768w, https:\/\/rna.ao\/rna.ao\/wp-content\/uploads\/2026\/09\/WhatsApp-Image-2026-09-04-at-11.38.13.jpeg 1200w\" sizes=\"(max-width: 770px) 100vw, 770px\" \/><br \/>\nMais de mil fi\u00e9is cat\u00f3licos fazem o percurso para a peregrina\u00e7\u00e3o ao Santu\u00e1rio da Muxima edi\u00e7\u00e3o 2026 em Catete, prov\u00edncia do Icolo e Bengo.<\/p>\n<p>Entoando c\u00e2nticos e louvores a Deus os devotos caminham a p\u00e9 ou de autocarro, num percurso de mais de 40 quil\u00f3metros.<\/p>\n<p>O Coordenador-adjunto, da peregrina\u00e7\u00e3o Salvador Pereira, assegura que est\u00e3o acautelados os servi\u00e7os m\u00e9dico e medicamentoso durante a peregrina\u00e7\u00e3o.<\/p>\n<p>&nbsp;<\/p>\n","protected":false},"excerpt":{"rendered":"<p>Mais de mil fi\u00e9is cat\u00f3licos fazem o percurso para a peregrina\u00e7\u00e3o ao Santu\u00e1rio da Muxima edi\u00e7\u00e3o 2026 em Catete, prov\u00edncia do Icolo e Bengo. Entoando c\u00e2nticos e louvores a Deus os devotos caminham a p\u00e9 ou de autocarro, num percurso de mais de 40 quil\u00f3metros. O Coordenador-adjunto, da peregrina\u00e7\u00e3o Salvador ...<\/p>\n","protected":false},"author":21,"featured_media":230134,"comment_status":"closed","ping_status":"closed","sticky":false,"template":"","format":"standard","meta":[],"categories":[142,121,164,163],"tags":[],"_links":{"self":[{"href":"https:\/\/rna.ao\/rna.ao\/wp-json\/wp\/v2\/posts\/230132"}],"collection":[{"href":"https:\/\/rna.ao\/rna.ao\/wp-json\/wp\/v2\/posts"}],"about":[{"href":"https:\/\/rna.ao\/rna.ao\/wp-json\/wp\/v2\/types\/post"}],"author":[{"embeddable":true,"href":"https:\/\/rna.ao\/rna.ao\/wp-json\/wp\/v2\/users\/21"}],"replies":[{"embeddable":true,"href":"https:\/\/rna.ao\/rna.ao\/wp-json\/wp\/v2\/comments?post=230132"}],"version-history":[{"count":2,"href":"https:\/\/rna.ao\/rna.ao\/wp-json\/wp\/v2\/posts\/230132\/revisions"}],"predecessor-version":[{"id":230155,"href":"https:\/\/rna.ao\/rna.ao\/wp-json\/wp\/v2\/posts\/230132\/revisions\/230155"}],"wp:featuredmedia":[{"embeddable":true,"href":"https:\/\/rna.ao\/rna.ao\/wp-json\/wp\/v2\/media\/230134"}],"wp:attachment":[{"href":"https:\/\/rna.ao\/rna.ao\/wp-json\/wp\/v2\/media?parent=230132"}],"wp:term":[{"taxonomy":"category","embeddable":true,"href":"https:\/\/rna.ao\/rna.ao\/wp-json\/wp\/v2\/categories?post=230132"},{"taxonomy":"post_tag","embeddable":true,"href":"https:\/\/rna.ao\/rna.ao\/wp-json\/wp\/v2\/tags?post=230132"}],"curies":[{"name":"wp","href":"https:\/\/api.w.org\/{rel}","templated":true}]}}