{"id":230112,"date":"2026-09-03T16:49:08","date_gmt":"2026-09-03T15:49:08","guid":{"rendered":"https:\/\/rna.ao\/rna.ao\/?p=230112"},"modified":"2026-09-03T16:50:44","modified_gmt":"2026-09-03T15:50:44","slug":"comissao-mista-angola-botswana-reune-se-em-luanda-para-avaliar-o-grau-de-implementacao-dos-acordos-bilaterais","status":"publish","type":"post","link":"https:\/\/rna.ao\/rna.ao\/2026\/09\/03\/comissao-mista-angola-botswana-reune-se-em-luanda-para-avaliar-o-grau-de-implementacao-dos-acordos-bilaterais\/","title":{"rendered":"Comiss\u00e3o Mista Angola-Botswana re\u00fane em Luanda para avaliar o grau de implementa\u00e7\u00e3o dos acordos bilaterais"},"content":{"rendered":"<div class=\"jsx-2a3b4af8f89fe3c1 group relative rounded-lg sm:rounded-xl shadow-sm border transition-all duration-300 cursor-pointer py-2 sm:py-1 px-2 sm:px-2 bg-white border-gray-100 hover:shadow-md hover:border-primary\/20 hover:bg-primary\/5\">\n<div class=\"jsx-2a3b4af8f89fe3c1 flex flex-col sm:flex-row sm:items-center gap-2 sm:gap-3\">\n<div class=\"jsx-2a3b4af8f89fe3c1 flex-1 min-w-0\">\n<p><img loading=\"lazy\" class=\"alignnone size-medium wp-image-230114\" src=\"https:\/\/rna.ao\/rna.ao\/wp-content\/uploads\/2026\/09\/WhatsApp-Image-2026-09-03-at-16.45.12-770x460.jpeg\" alt=\"\" width=\"770\" height=\"460\" srcset=\"https:\/\/rna.ao\/rna.ao\/wp-content\/uploads\/2026\/09\/WhatsApp-Image-2026-09-03-at-16.45.12-770x460.jpeg 770w, https:\/\/rna.ao\/rna.ao\/wp-content\/uploads\/2026\/09\/WhatsApp-Image-2026-09-03-at-16.45.12-768x459.jpeg 768w, https:\/\/rna.ao\/rna.ao\/wp-content\/uploads\/2026\/09\/WhatsApp-Image-2026-09-03-at-16.45.12.jpeg 1142w\" sizes=\"(max-width: 770px) 100vw, 770px\" \/><\/p>\n<p class=\"jsx-2a3b4af8f89fe3c1 leading-relaxed text-sm transition-colors duration-200 text-left break-words text-gray-800 group-hover:text-gray-900\">A Comiss\u00e3o Mista Bilateral Angola-Botswana est\u00e1 reunida em Luanda.<\/p>\n<p class=\"jsx-2a3b4af8f89fe3c1 leading-relaxed text-sm transition-colors duration-200 text-left break-words text-gray-800 group-hover:text-gray-900\">Durante o encontro, os dois pa\u00edses v\u00e3o avaliar o grau de implementa\u00e7\u00e3o dos acordos j\u00e1 existentes e analisar novas \u00e1reas de coopera\u00e7\u00e3o bilateral.<\/p>\n<\/div>\n<\/div>\n<\/div>\n<div class=\"jsx-2a3b4af8f89fe3c1 group relative rounded-lg sm:rounded-xl shadow-sm border transition-all duration-300 cursor-pointer py-2 sm:py-1 px-2 sm:px-2 bg-white border-gray-100 hover:shadow-md hover:border-primary\/20 hover:bg-primary\/5\">\n<div class=\"jsx-2a3b4af8f89fe3c1 absolute left-0 top-0 bottom-0 w-1 rounded-l-xl transition-opacity duration-300 bg-primary opacity-0 group-hover:opacity-100\">\n<p>Est\u00e1 igualmente prevista a assinatura de v\u00e1rios instrumentos jur\u00eddicos, actualmente em fase de negocia\u00e7\u00e3o entre os dois pa\u00edses. Jornalista Felisbela Wegie. Clique no \u00e1udio abaixo e ou\u00e7a:<\/p>\n\t<div class=\"qtmplayer-playlist-large\">\n\t\t<ul class=\"qtmplayer-playlist\">\n\t\t\t\n\t\t\t\t\t<li class=\"qtmplayer-trackitem\">\n\t\t<img src=\"https:\/\/rna.ao\/rna.ao\/wp-content\/uploads\/2026\/09\/WhatsApp-Image-2026-09-03-at-16.45.12-100x100.jpeg\" alt=\"cover\">\t\t<span \t\t\tdata-qtmplayer-cover=\"https:\/\/rna.ao\/rna.ao\/wp-content\/uploads\/2026\/09\/WhatsApp-Image-2026-09-03-at-16.45.12-370x370.jpeg\"\n\t\t\t\t\t\tdata-qtmplayer-file=\"https:\/\/rna.ao\/rna.ao\/wp-content\/uploads\/2026\/09\/FELISBELA-WEGIE.mp3\"\n\t\t\t\t\t\tdata-qtmplayer-title=\"Comiss\u00e3o Mista Angola-Botswana re\u00fane em Luanda para avaliar o grau de implementa\u00e7\u00e3o dos acordos bilaterais\"\n\t\t\t\t\t\tdata-qtmplayer-artist=\"Patr\u00edcia Campos\"\n\t\t\t\t\t\tdata-qtmplayer-link=\"https:\/\/rna.ao\/rna.ao\/2026\/09\/03\/comissao-mista-angola-botswana-reune-se-em-luanda-para-avaliar-o-grau-de-implementacao-dos-acordos-bilaterais\/\"\n\t\t\t\t\t\tdata-qtmplayer-icon=\"file_download\"\n\t\t\t\t\t\tdata-qtmplayer-type=\"track\"\n\t\t\t class=\"qtmplayer-play qtmplayer-link-sec qtmplayer-play-btn\"><i class='material-icons'>play_arrow<\/i><\/span>\n\t\t<p>\n\t\t\t<span class=\"qtmplayer-tit\">Comiss\u00e3o Mista Angola-Botswana re\u00fane em Luanda para avaliar o grau de implementa\u00e7\u00e3o dos acordos bilaterais<\/span>\n\t\t\t<span class=\"qtmplayer-art\">Patr\u00edcia Campos<\/span>\n\t\t<\/p>\n\t<\/li>\n\t\t<\/ul>\n\t<\/div>\t\t\t\n\t\n<\/div>\n<\/div>\n","protected":false},"excerpt":{"rendered":"<p>A Comiss\u00e3o Mista Bilateral Angola-Botswana est\u00e1 reunida em Luanda. Durante o encontro, os dois pa\u00edses v\u00e3o avaliar o grau de implementa\u00e7\u00e3o dos acordos j\u00e1 existentes e analisar novas \u00e1reas de coopera\u00e7\u00e3o bilateral. Est\u00e1 igualmente prevista a assinatura de v\u00e1rios instrumentos jur\u00eddicos, actualmente em fase de negocia\u00e7\u00e3o entre os dois pa\u00edses. ...<\/p>\n","protected":false},"author":21,"featured_media":230114,"comment_status":"closed","ping_status":"closed","sticky":false,"template":"","format":"standard","meta":[],"categories":[142,121,164,163],"tags":[],"_links":{"self":[{"href":"https:\/\/rna.ao\/rna.ao\/wp-json\/wp\/v2\/posts\/230112"}],"collection":[{"href":"https:\/\/rna.ao\/rna.ao\/wp-json\/wp\/v2\/posts"}],"about":[{"href":"https:\/\/rna.ao\/rna.ao\/wp-json\/wp\/v2\/types\/post"}],"author":[{"embeddable":true,"href":"https:\/\/rna.ao\/rna.ao\/wp-json\/wp\/v2\/users\/21"}],"replies":[{"embeddable":true,"href":"https:\/\/rna.ao\/rna.ao\/wp-json\/wp\/v2\/comments?post=230112"}],"version-history":[{"count":3,"href":"https:\/\/rna.ao\/rna.ao\/wp-json\/wp\/v2\/posts\/230112\/revisions"}],"predecessor-version":[{"id":230117,"href":"https:\/\/rna.ao\/rna.ao\/wp-json\/wp\/v2\/posts\/230112\/revisions\/230117"}],"wp:featuredmedia":[{"embeddable":true,"href":"https:\/\/rna.ao\/rna.ao\/wp-json\/wp\/v2\/media\/230114"}],"wp:attachment":[{"href":"https:\/\/rna.ao\/rna.ao\/wp-json\/wp\/v2\/media?parent=230112"}],"wp:term":[{"taxonomy":"category","embeddable":true,"href":"https:\/\/rna.ao\/rna.ao\/wp-json\/wp\/v2\/categories?post=230112"},{"taxonomy":"post_tag","embeddable":true,"href":"https:\/\/rna.ao\/rna.ao\/wp-json\/wp\/v2\/tags?post=230112"}],"curies":[{"name":"wp","href":"https:\/\/api.w.org\/{rel}","templated":true}]}}