{"id":230105,"date":"2026-09-03T16:06:18","date_gmt":"2026-09-03T15:06:18","guid":{"rendered":"https:\/\/rna.ao\/rna.ao\/?p=230105"},"modified":"2026-09-03T16:06:36","modified_gmt":"2026-09-03T15:06:36","slug":"ebola-na-republica-democratica-do-congo-ja-supera-os-6-mil-casos","status":"publish","type":"post","link":"https:\/\/rna.ao\/rna.ao\/2026\/09\/03\/ebola-na-republica-democratica-do-congo-ja-supera-os-6-mil-casos\/","title":{"rendered":"\u00c9bola na Rep\u00fablica Democr\u00e1tica do Congo j\u00e1 supera os 6 mil casos"},"content":{"rendered":"<div class=\"jsx-2a3b4af8f89fe3c1 group relative rounded-lg sm:rounded-xl shadow-sm border transition-all duration-300 cursor-pointer py-2 sm:py-1 px-2 sm:px-2 bg-white border-gray-100 hover:shadow-md hover:border-primary\/20 hover:bg-primary\/5\">\n<div class=\"jsx-2a3b4af8f89fe3c1 flex flex-col sm:flex-row sm:items-center gap-2 sm:gap-3\">\n<div class=\"jsx-2a3b4af8f89fe3c1 flex-1 min-w-0\">\n<p>&nbsp;<\/p>\n<figure id=\"attachment_227432\" aria-describedby=\"caption-attachment-227432\" style=\"width: 770px\" class=\"wp-caption alignnone\"><img loading=\"lazy\" class=\"size-medium wp-image-227432\" src=\"https:\/\/rna.ao\/rna.ao\/wp-content\/uploads\/2026\/08\/IMG_6823-770x513.jpeg\" alt=\"\" width=\"770\" height=\"513\" srcset=\"https:\/\/rna.ao\/rna.ao\/wp-content\/uploads\/2026\/08\/IMG_6823-770x513.jpeg 770w, https:\/\/rna.ao\/rna.ao\/wp-content\/uploads\/2026\/08\/IMG_6823-1170x779.jpeg 1170w, https:\/\/rna.ao\/rna.ao\/wp-content\/uploads\/2026\/08\/IMG_6823-768x511.jpeg 768w, https:\/\/rna.ao\/rna.ao\/wp-content\/uploads\/2026\/08\/IMG_6823.jpeg 1400w\" sizes=\"(max-width: 770px) 100vw, 770px\" \/><figcaption id=\"caption-attachment-227432\" class=\"wp-caption-text\"><span style=\"font-size: 16px;\">O n\u00famero de casos de \u00e9bola na Rep\u00fablica Democr\u00e1tica do Congo supera agora os 6 mil, elevando a taxa de letalidade para os 48,6%.<\/span><\/figcaption><\/figure>\n<\/div>\n<\/div>\n<\/div>\n<div class=\"jsx-2a3b4af8f89fe3c1 group relative rounded-lg sm:rounded-xl shadow-sm border transition-all duration-300 cursor-pointer py-2 sm:py-1 px-2 sm:px-2 bg-white border-gray-100 hover:shadow-md hover:border-primary\/20 hover:bg-primary\/5\">\n<div class=\"jsx-2a3b4af8f89fe3c1 flex flex-col sm:flex-row sm:items-center gap-2 sm:gap-3\">\n<div class=\"jsx-2a3b4af8f89fe3c1 flex items-center gap-2 sm:gap-3\">As autoridades congolesas afirmam que a doen\u00e7a est\u00e1 a espalhar-se a uma velocidade sem precedentes. Jornalista V\u00e2nia Varela. Clique no \u00e1udio abaixo e ou\u00e7a:<\/div>\n<\/div>\n<div class=\"jsx-2a3b4af8f89fe3c1 absolute left-0 top-0 bottom-0 w-1 rounded-l-xl transition-opacity duration-300 bg-primary opacity-0 group-hover:opacity-100\">\n\t<div class=\"qtmplayer-playlist-large\">\n\t\t<ul class=\"qtmplayer-playlist\">\n\t\t\t\n\t\t\t\t\t<li class=\"qtmplayer-trackitem\">\n\t\t<img src=\"https:\/\/rna.ao\/rna.ao\/wp-content\/uploads\/2026\/08\/IMG_6823-100x100.jpeg\" alt=\"cover\">\t\t<span \t\t\tdata-qtmplayer-cover=\"https:\/\/rna.ao\/rna.ao\/wp-content\/uploads\/2026\/08\/IMG_6823-370x370.jpeg\"\n\t\t\t\t\t\tdata-qtmplayer-file=\"https:\/\/rna.ao\/rna.ao\/wp-content\/uploads\/2026\/09\/VANIA-VARELA.mp3\"\n\t\t\t\t\t\tdata-qtmplayer-title=\"\u00c9bola na Rep\u00fablica Democr\u00e1tica do Congo j\u00e1 supera os 6 mil casos\"\n\t\t\t\t\t\tdata-qtmplayer-artist=\"Patr\u00edcia Campos\"\n\t\t\t\t\t\tdata-qtmplayer-link=\"https:\/\/rna.ao\/rna.ao\/2026\/09\/03\/ebola-na-republica-democratica-do-congo-ja-supera-os-6-mil-casos\/\"\n\t\t\t\t\t\tdata-qtmplayer-icon=\"file_download\"\n\t\t\t\t\t\tdata-qtmplayer-type=\"track\"\n\t\t\t class=\"qtmplayer-play qtmplayer-link-sec qtmplayer-play-btn\"><i class='material-icons'>play_arrow<\/i><\/span>\n\t\t<p>\n\t\t\t<span class=\"qtmplayer-tit\">\u00c9bola na Rep\u00fablica Democr\u00e1tica do Congo j\u00e1 supera os 6 mil casos<\/span>\n\t\t\t<span class=\"qtmplayer-art\">Patr\u00edcia Campos<\/span>\n\t\t<\/p>\n\t<\/li>\n\t\t<\/ul>\n\t<\/div>\t\t\t\n\t\n<\/div>\n<\/div>\n","protected":false},"excerpt":{"rendered":"<p>&nbsp; As autoridades congolesas afirmam que a doen\u00e7a est\u00e1 a espalhar-se a uma velocidade sem precedentes. Jornalista V\u00e2nia Varela. Clique no \u00e1udio abaixo e ou\u00e7a:<\/p>\n","protected":false},"author":21,"featured_media":227432,"comment_status":"closed","ping_status":"closed","sticky":false,"template":"","format":"standard","meta":[],"categories":[142,121,164,163],"tags":[],"_links":{"self":[{"href":"https:\/\/rna.ao\/rna.ao\/wp-json\/wp\/v2\/posts\/230105"}],"collection":[{"href":"https:\/\/rna.ao\/rna.ao\/wp-json\/wp\/v2\/posts"}],"about":[{"href":"https:\/\/rna.ao\/rna.ao\/wp-json\/wp\/v2\/types\/post"}],"author":[{"embeddable":true,"href":"https:\/\/rna.ao\/rna.ao\/wp-json\/wp\/v2\/users\/21"}],"replies":[{"embeddable":true,"href":"https:\/\/rna.ao\/rna.ao\/wp-json\/wp\/v2\/comments?post=230105"}],"version-history":[{"count":2,"href":"https:\/\/rna.ao\/rna.ao\/wp-json\/wp\/v2\/posts\/230105\/revisions"}],"predecessor-version":[{"id":230111,"href":"https:\/\/rna.ao\/rna.ao\/wp-json\/wp\/v2\/posts\/230105\/revisions\/230111"}],"wp:featuredmedia":[{"embeddable":true,"href":"https:\/\/rna.ao\/rna.ao\/wp-json\/wp\/v2\/media\/227432"}],"wp:attachment":[{"href":"https:\/\/rna.ao\/rna.ao\/wp-json\/wp\/v2\/media?parent=230105"}],"wp:term":[{"taxonomy":"category","embeddable":true,"href":"https:\/\/rna.ao\/rna.ao\/wp-json\/wp\/v2\/categories?post=230105"},{"taxonomy":"post_tag","embeddable":true,"href":"https:\/\/rna.ao\/rna.ao\/wp-json\/wp\/v2\/tags?post=230105"}],"curies":[{"name":"wp","href":"https:\/\/api.w.org\/{rel}","templated":true}]}}