{"id":230102,"date":"2026-09-03T15:26:25","date_gmt":"2026-09-03T14:26:25","guid":{"rendered":"https:\/\/rna.ao\/rna.ao\/?p=230102"},"modified":"2026-09-03T16:52:14","modified_gmt":"2026-09-03T15:52:14","slug":"angola-ainda-pode-acolher-a-quinta-janela-de-apuramento-ao-mundial-do-catar","status":"publish","type":"post","link":"https:\/\/rna.ao\/rna.ao\/2026\/09\/03\/angola-ainda-pode-acolher-a-quinta-janela-de-apuramento-ao-mundial-do-catar\/","title":{"rendered":"FIBA ainda n\u00e3o decidiu o pa\u00eds que vai acolher quinta janela de apuramento ao mundial de basquetebol. Angola vai apresentar candidatura para organizar a prova"},"content":{"rendered":"<div class=\"jsx-2a3b4af8f89fe3c1 group relative rounded-lg sm:rounded-xl shadow-sm border transition-all duration-300 cursor-pointer py-2 sm:py-1 px-2 sm:px-2 bg-white border-gray-100 hover:shadow-md hover:border-primary\/20 hover:bg-primary\/5\">\n<div class=\"jsx-2a3b4af8f89fe3c1 flex flex-col sm:flex-row sm:items-center gap-2 sm:gap-3\">\n<div class=\"jsx-2a3b4af8f89fe3c1 flex-1 min-w-0\">\n<p><img loading=\"lazy\" class=\"alignnone size-medium wp-image-230103\" src=\"https:\/\/rna.ao\/rna.ao\/wp-content\/uploads\/2026\/09\/WhatsApp-Image-2026-09-03-at-15.20.53-770x513.jpeg\" alt=\"\" width=\"770\" height=\"513\" srcset=\"https:\/\/rna.ao\/rna.ao\/wp-content\/uploads\/2026\/09\/WhatsApp-Image-2026-09-03-at-15.20.53-770x513.jpeg 770w, https:\/\/rna.ao\/rna.ao\/wp-content\/uploads\/2026\/09\/WhatsApp-Image-2026-09-03-at-15.20.53-1170x780.jpeg 1170w, https:\/\/rna.ao\/rna.ao\/wp-content\/uploads\/2026\/09\/WhatsApp-Image-2026-09-03-at-15.20.53-768x512.jpeg 768w, https:\/\/rna.ao\/rna.ao\/wp-content\/uploads\/2026\/09\/WhatsApp-Image-2026-09-03-at-15.20.53.jpeg 1500w\" sizes=\"(max-width: 770px) 100vw, 770px\" \/><\/p>\n<p class=\"jsx-2a3b4af8f89fe3c1 leading-relaxed text-sm transition-colors duration-200 text-left break-words text-gray-800 group-hover:text-gray-900\">Angola ainda pode acolher a quinta janela de apuramento do mundial do Qatar.<\/p>\n<\/div>\n<\/div>\n<\/div>\n<div class=\"jsx-2a3b4af8f89fe3c1 group relative rounded-lg sm:rounded-xl shadow-sm border transition-all duration-300 cursor-pointer py-2 sm:py-1 px-2 sm:px-2 bg-white border-gray-100 hover:shadow-md hover:border-primary\/20 hover:bg-primary\/5\">\n<div class=\"jsx-2a3b4af8f89fe3c1 flex flex-col sm:flex-row sm:items-center gap-2 sm:gap-3\">\n<div class=\"jsx-2a3b4af8f89fe3c1 flex items-center gap-2 sm:gap-3\">At\u00e9 ao momento a FIBA ainda n\u00e3o decidiu o palco e, por isso mesmo, o pa\u00eds tem o seu dossi\u00ea de candidatura pronto a ser entregue na pr\u00f3xima semana.<\/div>\n<\/div>\n<div class=\"jsx-2a3b4af8f89fe3c1 absolute left-0 top-0 bottom-0 w-1 rounded-l-xl transition-opacity duration-300 bg-primary opacity-0 group-hover:opacity-100\"><\/div>\n<\/div>\n<div class=\"jsx-2a3b4af8f89fe3c1 group relative rounded-lg sm:rounded-xl shadow-sm border transition-all duration-300 cursor-pointer py-2 sm:py-1 px-2 sm:px-2 bg-white border-gray-100 hover:shadow-md hover:border-primary\/20 hover:bg-primary\/5\">\n<div class=\"jsx-2a3b4af8f89fe3c1 flex flex-col sm:flex-row sm:items-center gap-2 sm:gap-3\">\n<div class=\"jsx-2a3b4af8f89fe3c1 flex items-center gap-2 sm:gap-3\">No entanto, as informa\u00e7\u00f5es constantes na p\u00e1gina da Federa\u00e7\u00e3o Ivoiriense de Basquetebol s\u00e3o enganosas e visam simplesmente pressionar a FIBA uma vez que a sede da institui\u00e7\u00e3o em \u00c1frica est\u00e1 naquele pa\u00eds.<\/div>\n<\/div>\n<\/div>\n","protected":false},"excerpt":{"rendered":"<p>Angola ainda pode acolher a quinta janela de apuramento do mundial do Qatar. At\u00e9 ao momento a FIBA ainda n\u00e3o decidiu o palco e, por isso mesmo, o pa\u00eds tem o seu dossi\u00ea de candidatura pronto a ser entregue na pr\u00f3xima semana. No entanto, as informa\u00e7\u00f5es constantes na p\u00e1gina da ...<\/p>\n","protected":false},"author":21,"featured_media":230103,"comment_status":"closed","ping_status":"closed","sticky":false,"template":"","format":"standard","meta":[],"categories":[142,121,164,163],"tags":[],"_links":{"self":[{"href":"https:\/\/rna.ao\/rna.ao\/wp-json\/wp\/v2\/posts\/230102"}],"collection":[{"href":"https:\/\/rna.ao\/rna.ao\/wp-json\/wp\/v2\/posts"}],"about":[{"href":"https:\/\/rna.ao\/rna.ao\/wp-json\/wp\/v2\/types\/post"}],"author":[{"embeddable":true,"href":"https:\/\/rna.ao\/rna.ao\/wp-json\/wp\/v2\/users\/21"}],"replies":[{"embeddable":true,"href":"https:\/\/rna.ao\/rna.ao\/wp-json\/wp\/v2\/comments?post=230102"}],"version-history":[{"count":4,"href":"https:\/\/rna.ao\/rna.ao\/wp-json\/wp\/v2\/posts\/230102\/revisions"}],"predecessor-version":[{"id":230118,"href":"https:\/\/rna.ao\/rna.ao\/wp-json\/wp\/v2\/posts\/230102\/revisions\/230118"}],"wp:featuredmedia":[{"embeddable":true,"href":"https:\/\/rna.ao\/rna.ao\/wp-json\/wp\/v2\/media\/230103"}],"wp:attachment":[{"href":"https:\/\/rna.ao\/rna.ao\/wp-json\/wp\/v2\/media?parent=230102"}],"wp:term":[{"taxonomy":"category","embeddable":true,"href":"https:\/\/rna.ao\/rna.ao\/wp-json\/wp\/v2\/categories?post=230102"},{"taxonomy":"post_tag","embeddable":true,"href":"https:\/\/rna.ao\/rna.ao\/wp-json\/wp\/v2\/tags?post=230102"}],"curies":[{"name":"wp","href":"https:\/\/api.w.org\/{rel}","templated":true}]}}