{"id":230097,"date":"2026-09-03T14:50:09","date_gmt":"2026-09-03T13:50:09","guid":{"rendered":"https:\/\/rna.ao\/rna.ao\/?p=230097"},"modified":"2026-09-03T14:50:09","modified_gmt":"2026-09-03T13:50:09","slug":"cunene-cidade-de-ondjiva-ganha-amanha-centro-integrado-da-juventude-oferecido-pela-fundacao-ngana-zenza","status":"publish","type":"post","link":"https:\/\/rna.ao\/rna.ao\/2026\/09\/03\/cunene-cidade-de-ondjiva-ganha-amanha-centro-integrado-da-juventude-oferecido-pela-fundacao-ngana-zenza\/","title":{"rendered":"Cunene: Cidade de Ondjiva ganha amanh\u00e3 Centro Integrado da Juventude oferecido pela funda\u00e7\u00e3o Ngana Zenza"},"content":{"rendered":"<div class=\"jsx-2a3b4af8f89fe3c1 group relative rounded-lg sm:rounded-xl shadow-sm border transition-all duration-300 cursor-pointer py-2 sm:py-1 px-2 sm:px-2 bg-white border-gray-100 hover:shadow-md hover:border-primary\/20 hover:bg-primary\/5\">\n<div class=\"jsx-2a3b4af8f89fe3c1 flex flex-col sm:flex-row sm:items-center gap-2 sm:gap-3\">\n<div class=\"jsx-2a3b4af8f89fe3c1 flex-1 min-w-0\">\n<p>&nbsp;<\/p>\n<p><img loading=\"lazy\" class=\"alignnone size-medium wp-image-230100\" src=\"https:\/\/rna.ao\/rna.ao\/wp-content\/uploads\/2026\/09\/IMG_0710-770x527.jpeg\" alt=\"\" width=\"770\" height=\"527\" srcset=\"https:\/\/rna.ao\/rna.ao\/wp-content\/uploads\/2026\/09\/IMG_0710-770x527.jpeg 770w, https:\/\/rna.ao\/rna.ao\/wp-content\/uploads\/2026\/09\/IMG_0710-768x525.jpeg 768w, https:\/\/rna.ao\/rna.ao\/wp-content\/uploads\/2026\/09\/IMG_0710.jpeg 1085w\" sizes=\"(max-width: 770px) 100vw, 770px\" \/><\/p>\n<p class=\"jsx-2a3b4af8f89fe3c1 leading-relaxed text-sm transition-colors duration-200 text-left break-words text-gray-800 group-hover:text-gray-900\">A cidade de Ondjiva ganha amanh\u00e3,04 de Setembro, um Centro Integrado da Juventude.<\/p>\n<\/div>\n<\/div>\n<div class=\"jsx-2a3b4af8f89fe3c1 absolute left-0 top-0 bottom-0 w-1 rounded-l-xl transition-opacity duration-300 bg-primary opacity-0 group-hover:opacity-100\">A infraestrutura constru\u00edda de raiz vai aumentar a oferta formativa para os jovens na regi\u00e3o, bem como aumentar as oportunidades de lazer.<\/div>\n<\/div>\n<div class=\"jsx-2a3b4af8f89fe3c1 group relative rounded-lg sm:rounded-xl shadow-sm border transition-all duration-300 cursor-pointer py-2 sm:py-1 px-2 sm:px-2 bg-white border-gray-100 hover:shadow-md hover:border-primary\/20 hover:bg-primary\/5\">\n<div><\/div>\n<div class=\"jsx-2a3b4af8f89fe3c1 absolute left-0 top-0 bottom-0 w-1 rounded-l-xl transition-opacity duration-300 bg-primary opacity-0 group-hover:opacity-100\">A unidade \u00e9 uma oferta da Funda\u00e7\u00e3o Ngana Zenza para o Desenvolvimento comunit\u00e1rio, dirigida pela Primeira-Dama da Rep\u00fablica, Ana Dias Louren\u00e7o.<\/div>\n<\/div>\n<div class=\"jsx-2a3b4af8f89fe3c1 group relative rounded-lg sm:rounded-xl shadow-sm border transition-all duration-300 cursor-pointer py-2 sm:py-1 px-2 sm:px-2 bg-white border-gray-100 hover:shadow-md hover:border-primary\/20 hover:bg-primary\/5\"><\/div>\n<div class=\"jsx-2a3b4af8f89fe3c1 group relative rounded-lg sm:rounded-xl shadow-sm border transition-all duration-300 cursor-pointer py-2 sm:py-1 px-2 sm:px-2 bg-white border-gray-100 hover:shadow-md hover:border-primary\/20 hover:bg-primary\/5\">\n<div class=\"jsx-2a3b4af8f89fe3c1 flex flex-col sm:flex-row sm:items-center gap-2 sm:gap-3\">\n<div class=\"jsx-2a3b4af8f89fe3c1 flex items-center gap-2 sm:gap-3\">A reportagem com o Ven\u00e2ncio Isa\u00edas. Clique no \u00e1udio abaixo e ou\u00e7a:\t<div class=\"qtmplayer-playlist-large\">\n\t\t<ul class=\"qtmplayer-playlist\">\n\t\t\t\n\t\t\t\t\t<li class=\"qtmplayer-trackitem\">\n\t\t<img src=\"https:\/\/rna.ao\/rna.ao\/wp-content\/uploads\/2026\/09\/IMG_0710-100x100.jpeg\" alt=\"cover\">\t\t<span \t\t\tdata-qtmplayer-cover=\"https:\/\/rna.ao\/rna.ao\/wp-content\/uploads\/2026\/09\/IMG_0710-370x370.jpeg\"\n\t\t\t\t\t\tdata-qtmplayer-file=\"https:\/\/rna.ao\/rna.ao\/wp-content\/uploads\/2026\/09\/VENANCIO-ISAIAS.mp3\"\n\t\t\t\t\t\tdata-qtmplayer-title=\"Cunene: Cidade de Ondjiva ganha amanh\u00e3 Centro Integrado da Juventude oferecido pela funda\u00e7\u00e3o Ngana Zenza\"\n\t\t\t\t\t\tdata-qtmplayer-artist=\"Patr\u00edcia Campos\"\n\t\t\t\t\t\tdata-qtmplayer-link=\"https:\/\/rna.ao\/rna.ao\/2026\/09\/03\/cunene-cidade-de-ondjiva-ganha-amanha-centro-integrado-da-juventude-oferecido-pela-fundacao-ngana-zenza\/\"\n\t\t\t\t\t\tdata-qtmplayer-icon=\"file_download\"\n\t\t\t\t\t\tdata-qtmplayer-type=\"track\"\n\t\t\t class=\"qtmplayer-play qtmplayer-link-sec qtmplayer-play-btn\"><i class='material-icons'>play_arrow<\/i><\/span>\n\t\t<p>\n\t\t\t<span class=\"qtmplayer-tit\">Cunene: Cidade de Ondjiva ganha amanh\u00e3 Centro Integrado da Juventude oferecido pela funda\u00e7\u00e3o Ngana Zenza<\/span>\n\t\t\t<span class=\"qtmplayer-art\">Patr\u00edcia Campos<\/span>\n\t\t<\/p>\n\t<\/li>\n\t\t<\/ul>\n\t<\/div>\t\t\t\n\t<\/p>\n<\/div>\n<\/div>\n<\/div>\n","protected":false},"excerpt":{"rendered":"<p>&nbsp; A cidade de Ondjiva ganha amanh\u00e3,04 de Setembro, um Centro Integrado da Juventude. A infraestrutura constru\u00edda de raiz vai aumentar a oferta formativa para os jovens na regi\u00e3o, bem como aumentar as oportunidades de lazer. A unidade \u00e9 uma oferta da Funda\u00e7\u00e3o Ngana Zenza para o Desenvolvimento comunit\u00e1rio, dirigida ...<\/p>\n","protected":false},"author":21,"featured_media":230100,"comment_status":"closed","ping_status":"closed","sticky":false,"template":"","format":"standard","meta":[],"categories":[142,121,164,163],"tags":[],"_links":{"self":[{"href":"https:\/\/rna.ao\/rna.ao\/wp-json\/wp\/v2\/posts\/230097"}],"collection":[{"href":"https:\/\/rna.ao\/rna.ao\/wp-json\/wp\/v2\/posts"}],"about":[{"href":"https:\/\/rna.ao\/rna.ao\/wp-json\/wp\/v2\/types\/post"}],"author":[{"embeddable":true,"href":"https:\/\/rna.ao\/rna.ao\/wp-json\/wp\/v2\/users\/21"}],"replies":[{"embeddable":true,"href":"https:\/\/rna.ao\/rna.ao\/wp-json\/wp\/v2\/comments?post=230097"}],"version-history":[{"count":1,"href":"https:\/\/rna.ao\/rna.ao\/wp-json\/wp\/v2\/posts\/230097\/revisions"}],"predecessor-version":[{"id":230101,"href":"https:\/\/rna.ao\/rna.ao\/wp-json\/wp\/v2\/posts\/230097\/revisions\/230101"}],"wp:featuredmedia":[{"embeddable":true,"href":"https:\/\/rna.ao\/rna.ao\/wp-json\/wp\/v2\/media\/230100"}],"wp:attachment":[{"href":"https:\/\/rna.ao\/rna.ao\/wp-json\/wp\/v2\/media?parent=230097"}],"wp:term":[{"taxonomy":"category","embeddable":true,"href":"https:\/\/rna.ao\/rna.ao\/wp-json\/wp\/v2\/categories?post=230097"},{"taxonomy":"post_tag","embeddable":true,"href":"https:\/\/rna.ao\/rna.ao\/wp-json\/wp\/v2\/tags?post=230097"}],"curies":[{"name":"wp","href":"https:\/\/api.w.org\/{rel}","templated":true}]}}