{"id":230090,"date":"2026-09-03T14:08:08","date_gmt":"2026-09-03T13:08:08","guid":{"rendered":"https:\/\/rna.ao\/rna.ao\/?p=230090"},"modified":"2026-09-03T14:08:08","modified_gmt":"2026-09-03T13:08:08","slug":"presidente-da-republica-exonera-comandante-da-policia-na-lunda-norte","status":"publish","type":"post","link":"https:\/\/rna.ao\/rna.ao\/2026\/09\/03\/presidente-da-republica-exonera-comandante-da-policia-na-lunda-norte\/","title":{"rendered":"Presidente da Rep\u00fablica exonera comandante da Pol\u00edcia na Lunda-Norte"},"content":{"rendered":"<p><img loading=\"lazy\" class=\"alignnone size-medium wp-image-230091\" src=\"https:\/\/rna.ao\/rna.ao\/wp-content\/uploads\/2026\/09\/6285053_imagem-770x490.jpeg\" alt=\"\" width=\"770\" height=\"490\" srcset=\"https:\/\/rna.ao\/rna.ao\/wp-content\/uploads\/2026\/09\/6285053_imagem-770x490.jpeg 770w, https:\/\/rna.ao\/rna.ao\/wp-content\/uploads\/2026\/09\/6285053_imagem-1170x745.jpeg 1170w, https:\/\/rna.ao\/rna.ao\/wp-content\/uploads\/2026\/09\/6285053_imagem-768x489.jpeg 768w, https:\/\/rna.ao\/rna.ao\/wp-content\/uploads\/2026\/09\/6285053_imagem.jpeg 1280w\" sizes=\"(max-width: 770px) 100vw, 770px\" \/><\/p>\n<p>O Chefe de Estado, Jo\u00e3o Louren\u00e7o, exonerou, hoje, o comiss\u00e1rio Gerson Vieira Miguel do cargo de delegado do Minist\u00e9rio do Interior e comandante provincial da Pol\u00edcia Nacional na Lunda Norte.<\/p>\n<div class=\"ql-align-justify\">A decis\u00e3o consta de um Decreto Presidencial, aprovado nos termos da Constitui\u00e7\u00e3o, depois de ouvido o Conselho de Seguran\u00e7a Nacional.<\/div>\n<div class=\"ql-align-justify\"><\/div>\n<div class=\"ql-align-justify\">Gerson Vieira Miguel havia sido nomeado para o cargo atrav\u00e9s do Decreto Presidencial n.\u00ba 265\/22, de 10 de Novembro.<\/div>\n<div class=\"ql-align-justify\"><\/div>\n<div class=\"ql-align-justify\">Num outro Decreto Presidencial, Jo\u00e3o Louren\u00e7o nomeou o comiss\u00e1rio Firmino Uyamba para exercer as fun\u00e7\u00f5es de delegado do Minist\u00e9rio do Interior e comandante provincial da Pol\u00edcia Nacional na Lunda Norte.<\/div>\n<div><\/div>\n","protected":false},"excerpt":{"rendered":"<p>O Chefe de Estado, Jo\u00e3o Louren\u00e7o, exonerou, hoje, o comiss\u00e1rio Gerson Vieira Miguel do cargo de delegado do Minist\u00e9rio do Interior e comandante provincial da Pol\u00edcia Nacional na Lunda Norte. A decis\u00e3o consta de um Decreto Presidencial, aprovado nos termos da Constitui\u00e7\u00e3o, depois de ouvido o Conselho de Seguran\u00e7a Nacional. ...<\/p>\n","protected":false},"author":21,"featured_media":230091,"comment_status":"closed","ping_status":"closed","sticky":false,"template":"","format":"standard","meta":[],"categories":[142,121,164,163],"tags":[],"_links":{"self":[{"href":"https:\/\/rna.ao\/rna.ao\/wp-json\/wp\/v2\/posts\/230090"}],"collection":[{"href":"https:\/\/rna.ao\/rna.ao\/wp-json\/wp\/v2\/posts"}],"about":[{"href":"https:\/\/rna.ao\/rna.ao\/wp-json\/wp\/v2\/types\/post"}],"author":[{"embeddable":true,"href":"https:\/\/rna.ao\/rna.ao\/wp-json\/wp\/v2\/users\/21"}],"replies":[{"embeddable":true,"href":"https:\/\/rna.ao\/rna.ao\/wp-json\/wp\/v2\/comments?post=230090"}],"version-history":[{"count":1,"href":"https:\/\/rna.ao\/rna.ao\/wp-json\/wp\/v2\/posts\/230090\/revisions"}],"predecessor-version":[{"id":230092,"href":"https:\/\/rna.ao\/rna.ao\/wp-json\/wp\/v2\/posts\/230090\/revisions\/230092"}],"wp:featuredmedia":[{"embeddable":true,"href":"https:\/\/rna.ao\/rna.ao\/wp-json\/wp\/v2\/media\/230091"}],"wp:attachment":[{"href":"https:\/\/rna.ao\/rna.ao\/wp-json\/wp\/v2\/media?parent=230090"}],"wp:term":[{"taxonomy":"category","embeddable":true,"href":"https:\/\/rna.ao\/rna.ao\/wp-json\/wp\/v2\/categories?post=230090"},{"taxonomy":"post_tag","embeddable":true,"href":"https:\/\/rna.ao\/rna.ao\/wp-json\/wp\/v2\/tags?post=230090"}],"curies":[{"name":"wp","href":"https:\/\/api.w.org\/{rel}","templated":true}]}}