{"id":230060,"date":"2026-09-03T11:55:19","date_gmt":"2026-09-03T10:55:19","guid":{"rendered":"https:\/\/rna.ao\/rna.ao\/?p=230060"},"modified":"2026-09-03T11:56:01","modified_gmt":"2026-09-03T10:56:01","slug":"cazenga-acolhe-residencia-artistica-com-oito-jovens-de-varias-regioes-do-pais-inspirada-no-livro-os-da-minha-rua-de-ondjaki","status":"publish","type":"post","link":"https:\/\/rna.ao\/rna.ao\/2026\/09\/03\/cazenga-acolhe-residencia-artistica-com-oito-jovens-de-varias-regioes-do-pais-inspirada-no-livro-os-da-minha-rua-de-ondjaki\/","title":{"rendered":"Cazenga acolhe Resid\u00eancia Art\u00edstica com oito jovens de v\u00e1rias regi\u00f5es do pa\u00eds, inspirada no livro \u201cOs da Minha Rua\u201d, de Ondjaki"},"content":{"rendered":"<p><img loading=\"lazy\" class=\"alignnone size-medium wp-image-230062\" src=\"https:\/\/rna.ao\/rna.ao\/wp-content\/uploads\/2026\/09\/5a30ddf1-9c38-4119-a114-7a84bb51413f-690x770.jpeg\" alt=\"\" width=\"690\" height=\"770\" srcset=\"https:\/\/rna.ao\/rna.ao\/wp-content\/uploads\/2026\/09\/5a30ddf1-9c38-4119-a114-7a84bb51413f-690x770.jpeg 690w, https:\/\/rna.ao\/rna.ao\/wp-content\/uploads\/2026\/09\/5a30ddf1-9c38-4119-a114-7a84bb51413f-1049x1170.jpeg 1049w, https:\/\/rna.ao\/rna.ao\/wp-content\/uploads\/2026\/09\/5a30ddf1-9c38-4119-a114-7a84bb51413f-768x857.jpeg 768w, https:\/\/rna.ao\/rna.ao\/wp-content\/uploads\/2026\/09\/5a30ddf1-9c38-4119-a114-7a84bb51413f-1377x1536.jpeg 1377w, https:\/\/rna.ao\/rna.ao\/wp-content\/uploads\/2026\/09\/5a30ddf1-9c38-4119-a114-7a84bb51413f-1836x2048.jpeg 1836w\" sizes=\"(max-width: 690px) 100vw, 690px\" \/>Oito jovens artistas angolanos, seleccionados entre 60 candidatos, participam na Resid\u00eancia Art\u00edstica \u201cRuas de Mem\u00f3ria: Mem\u00f3ria, Afecto e Rua na Arte Contempor\u00e2nea Angolana\u201d.<\/p>\n<p>A iniciativa da Funda\u00e7\u00e3o BAI, em parceria com o ANIM\u2019ART, decorre de 7 de Setembro a 9 de Outubro, no munic\u00edpio do Cazenga, em Luanda, e \u00e9 inspirada na obra \u201cOs da Minha Rua\u201d, do escritor Ondjaki. Jornalista Madalena Manuel, da R\u00e1dio Cultura Angola. Clique no \u00e1udio e ou\u00e7a:<\/p>\n\t<div class=\"qtmplayer-playlist-large\">\n\t\t<ul class=\"qtmplayer-playlist\">\n\t\t\t\n\t\t\t\t\t<li class=\"qtmplayer-trackitem\">\n\t\t<img src=\"https:\/\/rna.ao\/rna.ao\/wp-content\/uploads\/2026\/09\/5a30ddf1-9c38-4119-a114-7a84bb51413f-100x100.jpeg\" alt=\"cover\">\t\t<span \t\t\tdata-qtmplayer-cover=\"https:\/\/rna.ao\/rna.ao\/wp-content\/uploads\/2026\/09\/5a30ddf1-9c38-4119-a114-7a84bb51413f-370x370.jpeg\"\n\t\t\t\t\t\tdata-qtmplayer-file=\"https:\/\/rna.ao\/rna.ao\/wp-content\/uploads\/2026\/09\/MADALENA-RESIDENCIA-ARTISTICA.mp3\"\n\t\t\t\t\t\tdata-qtmplayer-title=\"Cazenga acolhe Resid\u00eancia Art\u00edstica com oito jovens de v\u00e1rias regi\u00f5es do pa\u00eds, inspirada no livro \u201cOs da Minha Rua\u201d, de Ondjaki\"\n\t\t\t\t\t\tdata-qtmplayer-artist=\"Juliana Nunes\"\n\t\t\t\t\t\tdata-qtmplayer-link=\"https:\/\/rna.ao\/rna.ao\/2026\/09\/03\/cazenga-acolhe-residencia-artistica-com-oito-jovens-de-varias-regioes-do-pais-inspirada-no-livro-os-da-minha-rua-de-ondjaki\/\"\n\t\t\t\t\t\tdata-qtmplayer-icon=\"file_download\"\n\t\t\t\t\t\tdata-qtmplayer-type=\"track\"\n\t\t\t class=\"qtmplayer-play qtmplayer-link-sec qtmplayer-play-btn\"><i class='material-icons'>play_arrow<\/i><\/span>\n\t\t<p>\n\t\t\t<span class=\"qtmplayer-tit\">Cazenga acolhe Resid\u00eancia Art\u00edstica com oito jovens de v\u00e1rias regi\u00f5es do pa\u00eds, inspirada no livro \u201cOs da Minha Rua\u201d, de Ondjaki<\/span>\n\t\t\t<span class=\"qtmplayer-art\">Juliana Nunes<\/span>\n\t\t<\/p>\n\t<\/li>\n\t\t<\/ul>\n\t<\/div>\t\t\t\n\t\n","protected":false},"excerpt":{"rendered":"<p>Oito jovens artistas angolanos, seleccionados entre 60 candidatos, participam na Resid\u00eancia Art\u00edstica \u201cRuas de Mem\u00f3ria: Mem\u00f3ria, Afecto e Rua na Arte Contempor\u00e2nea Angolana\u201d. A iniciativa da Funda\u00e7\u00e3o BAI, em parceria com o ANIM\u2019ART, decorre de 7 de Setembro a 9 de Outubro, no munic\u00edpio do Cazenga, em Luanda, e \u00e9 ...<\/p>\n","protected":false},"author":16,"featured_media":230062,"comment_status":"closed","ping_status":"closed","sticky":false,"template":"","format":"standard","meta":[],"categories":[142,121,164],"tags":[],"_links":{"self":[{"href":"https:\/\/rna.ao\/rna.ao\/wp-json\/wp\/v2\/posts\/230060"}],"collection":[{"href":"https:\/\/rna.ao\/rna.ao\/wp-json\/wp\/v2\/posts"}],"about":[{"href":"https:\/\/rna.ao\/rna.ao\/wp-json\/wp\/v2\/types\/post"}],"author":[{"embeddable":true,"href":"https:\/\/rna.ao\/rna.ao\/wp-json\/wp\/v2\/users\/16"}],"replies":[{"embeddable":true,"href":"https:\/\/rna.ao\/rna.ao\/wp-json\/wp\/v2\/comments?post=230060"}],"version-history":[{"count":2,"href":"https:\/\/rna.ao\/rna.ao\/wp-json\/wp\/v2\/posts\/230060\/revisions"}],"predecessor-version":[{"id":230066,"href":"https:\/\/rna.ao\/rna.ao\/wp-json\/wp\/v2\/posts\/230060\/revisions\/230066"}],"wp:featuredmedia":[{"embeddable":true,"href":"https:\/\/rna.ao\/rna.ao\/wp-json\/wp\/v2\/media\/230062"}],"wp:attachment":[{"href":"https:\/\/rna.ao\/rna.ao\/wp-json\/wp\/v2\/media?parent=230060"}],"wp:term":[{"taxonomy":"category","embeddable":true,"href":"https:\/\/rna.ao\/rna.ao\/wp-json\/wp\/v2\/categories?post=230060"},{"taxonomy":"post_tag","embeddable":true,"href":"https:\/\/rna.ao\/rna.ao\/wp-json\/wp\/v2\/tags?post=230060"}],"curies":[{"name":"wp","href":"https:\/\/api.w.org\/{rel}","templated":true}]}}