{"id":230049,"date":"2026-09-03T11:29:16","date_gmt":"2026-09-03T10:29:16","guid":{"rendered":"https:\/\/rna.ao\/rna.ao\/?p=230049"},"modified":"2026-09-03T11:29:31","modified_gmt":"2026-09-03T10:29:31","slug":"primeiro-paciente-diagnosticado-com-variola-dos-macacos-na-lunda-sul-ja-teve-alta-medica","status":"publish","type":"post","link":"https:\/\/rna.ao\/rna.ao\/2026\/09\/03\/primeiro-paciente-diagnosticado-com-variola-dos-macacos-na-lunda-sul-ja-teve-alta-medica\/","title":{"rendered":"Primeiro paciente diagnosticado com var\u00edola dos macacos na Lunda-sul j\u00e1 teve alta m\u00e9dica"},"content":{"rendered":"<div class=\"jsx-2a3b4af8f89fe3c1 group relative rounded-lg sm:rounded-xl shadow-sm border transition-all duration-300 cursor-pointer py-2 sm:py-1 px-2 sm:px-2 bg-white border-gray-100 hover:shadow-md hover:border-primary\/20 hover:bg-primary\/5\">\n<div class=\"jsx-2a3b4af8f89fe3c1 flex flex-col sm:flex-row sm:items-center gap-2 sm:gap-3\">\n<div class=\"jsx-2a3b4af8f89fe3c1 flex-1 min-w-0\">\n<p><img loading=\"lazy\" class=\"alignnone size-full wp-image-219935\" src=\"https:\/\/rna.ao\/rna.ao\/wp-content\/uploads\/2026\/05\/variola-dos-macacos-rdcc.jpg\" alt=\"\" width=\"770\" height=\"513\" srcset=\"https:\/\/rna.ao\/rna.ao\/wp-content\/uploads\/2026\/05\/variola-dos-macacos-rdcc.jpg 770w, https:\/\/rna.ao\/rna.ao\/wp-content\/uploads\/2026\/05\/variola-dos-macacos-rdcc-768x512.jpg 768w\" sizes=\"(max-width: 770px) 100vw, 770px\" \/><\/p>\n<p class=\"jsx-2a3b4af8f89fe3c1 leading-relaxed text-sm transition-colors duration-200 text-left break-words text-gray-800 group-hover:text-gray-900\">Na Lunda Sul, o primeiro paciente diagnosticado com var\u00edola dos macacos j\u00e1 teve alta m\u00e9dica.<\/p>\n<\/div>\n<\/div>\n<div class=\"jsx-2a3b4af8f89fe3c1 absolute left-0 top-0 bottom-0 w-1 rounded-l-xl transition-opacity duration-300 bg-primary opacity-0 group-hover:opacity-100\">As autoridades sanit\u00e1rias afirmam que o paciente evoluiu satisfatoriamente e que j\u00e1 n\u00e3o apresenta qualquer sintoma da doen\u00e7a.<\/div>\n<\/div>\n<div class=\"jsx-2a3b4af8f89fe3c1 group relative rounded-lg sm:rounded-xl shadow-sm border transition-all duration-300 cursor-pointer py-2 sm:py-1 px-2 sm:px-2 bg-white border-gray-100 hover:shadow-md hover:border-primary\/20 hover:bg-primary\/5\">\n<div class=\"jsx-2a3b4af8f89fe3c1 absolute left-0 top-0 bottom-0 w-1 rounded-l-xl transition-opacity duration-300 bg-primary opacity-0 group-hover:opacity-100\">Hermenegilda Muchinene. Clique no \u00e1udio abaixo e ou\u00e7a:<\/div>\n<\/div>\n<div class=\"jsx-2a3b4af8f89fe3c1 group relative rounded-lg sm:rounded-xl shadow-sm border transition-all duration-300 cursor-pointer py-2 sm:py-1 px-2 sm:px-2 bg-white border-gray-100 hover:shadow-md hover:border-primary\/20 hover:bg-primary\/5\">\n<div class=\"jsx-2a3b4af8f89fe3c1 flex flex-col sm:flex-row sm:items-center gap-2 sm:gap-3\">\n<div class=\"jsx-2a3b4af8f89fe3c1 flex items-center gap-2 sm:gap-3\">\n\t<div class=\"qtmplayer-playlist-large\">\n\t\t<ul class=\"qtmplayer-playlist\">\n\t\t\t\n\t\t\t\t\t<li class=\"qtmplayer-trackitem\">\n\t\t<img src=\"https:\/\/rna.ao\/rna.ao\/wp-content\/uploads\/2026\/05\/variola-dos-macacos-rdcc-100x100.jpg\" alt=\"cover\">\t\t<span \t\t\tdata-qtmplayer-cover=\"https:\/\/rna.ao\/rna.ao\/wp-content\/uploads\/2026\/05\/variola-dos-macacos-rdcc-370x370.jpg\"\n\t\t\t\t\t\tdata-qtmplayer-file=\"https:\/\/rna.ao\/rna.ao\/wp-content\/uploads\/2026\/09\/HEMENEGILDA-MUCHINEME.mp3\"\n\t\t\t\t\t\tdata-qtmplayer-title=\"Primeiro paciente diagnosticado com var\u00edola dos macacos na Lunda-sul j\u00e1 teve alta m\u00e9dica\"\n\t\t\t\t\t\tdata-qtmplayer-artist=\"Patr\u00edcia Campos\"\n\t\t\t\t\t\tdata-qtmplayer-link=\"https:\/\/rna.ao\/rna.ao\/2026\/09\/03\/primeiro-paciente-diagnosticado-com-variola-dos-macacos-na-lunda-sul-ja-teve-alta-medica\/\"\n\t\t\t\t\t\tdata-qtmplayer-icon=\"file_download\"\n\t\t\t\t\t\tdata-qtmplayer-type=\"track\"\n\t\t\t class=\"qtmplayer-play qtmplayer-link-sec qtmplayer-play-btn\"><i class='material-icons'>play_arrow<\/i><\/span>\n\t\t<p>\n\t\t\t<span class=\"qtmplayer-tit\">Primeiro paciente diagnosticado com var\u00edola dos macacos na Lunda-sul j\u00e1 teve alta m\u00e9dica<\/span>\n\t\t\t<span class=\"qtmplayer-art\">Patr\u00edcia Campos<\/span>\n\t\t<\/p>\n\t<\/li>\n\t\t<\/ul>\n\t<\/div>\t\t\t\n\t\n<\/div>\n<\/div>\n<\/div>\n","protected":false},"excerpt":{"rendered":"<p>Na Lunda Sul, o primeiro paciente diagnosticado com var\u00edola dos macacos j\u00e1 teve alta m\u00e9dica. As autoridades sanit\u00e1rias afirmam que o paciente evoluiu satisfatoriamente e que j\u00e1 n\u00e3o apresenta qualquer sintoma da doen\u00e7a. Hermenegilda Muchinene. Clique no \u00e1udio abaixo e ou\u00e7a:<\/p>\n","protected":false},"author":21,"featured_media":219935,"comment_status":"closed","ping_status":"closed","sticky":false,"template":"","format":"standard","meta":[],"categories":[142,121,164,163],"tags":[],"_links":{"self":[{"href":"https:\/\/rna.ao\/rna.ao\/wp-json\/wp\/v2\/posts\/230049"}],"collection":[{"href":"https:\/\/rna.ao\/rna.ao\/wp-json\/wp\/v2\/posts"}],"about":[{"href":"https:\/\/rna.ao\/rna.ao\/wp-json\/wp\/v2\/types\/post"}],"author":[{"embeddable":true,"href":"https:\/\/rna.ao\/rna.ao\/wp-json\/wp\/v2\/users\/21"}],"replies":[{"embeddable":true,"href":"https:\/\/rna.ao\/rna.ao\/wp-json\/wp\/v2\/comments?post=230049"}],"version-history":[{"count":2,"href":"https:\/\/rna.ao\/rna.ao\/wp-json\/wp\/v2\/posts\/230049\/revisions"}],"predecessor-version":[{"id":230052,"href":"https:\/\/rna.ao\/rna.ao\/wp-json\/wp\/v2\/posts\/230049\/revisions\/230052"}],"wp:featuredmedia":[{"embeddable":true,"href":"https:\/\/rna.ao\/rna.ao\/wp-json\/wp\/v2\/media\/219935"}],"wp:attachment":[{"href":"https:\/\/rna.ao\/rna.ao\/wp-json\/wp\/v2\/media?parent=230049"}],"wp:term":[{"taxonomy":"category","embeddable":true,"href":"https:\/\/rna.ao\/rna.ao\/wp-json\/wp\/v2\/categories?post=230049"},{"taxonomy":"post_tag","embeddable":true,"href":"https:\/\/rna.ao\/rna.ao\/wp-json\/wp\/v2\/tags?post=230049"}],"curies":[{"name":"wp","href":"https:\/\/api.w.org\/{rel}","templated":true}]}}